{"id":6818,"date":"2025-12-08T16:22:10","date_gmt":"2025-12-08T15:22:10","guid":{"rendered":"https:\/\/lucia-rapetti.pro\/?p=6818"},"modified":"2025-12-08T16:34:19","modified_gmt":"2025-12-08T15:34:19","slug":"cure-professionali-per-preservare-il-microbiota-cutaneo-la-chiave-per-una-pelle-sana-e-protetta-a-lungo","status":"publish","type":"post","link":"https:\/\/lucia-rapetti.pro\/it\/blog\/cure-professionali-per-preservare-il-microbiota-cutaneo-la-chiave-per-una-pelle-sana-e-protetta-a-lungo\/","title":{"rendered":"Cure professionali per preservare il microbiota cutaneo: la chiave per una pelle sana e duratura"},"content":{"rendered":"\t\t<div data-elementor-type=\"wp-post\" data-elementor-id=\"6818\" class=\"elementor elementor-6818\" data-elementor-post-type=\"post\">\n\t\t\t\t<div class=\"elementor-element elementor-element-3b63b5bb e-flex e-con-boxed e-con e-parent\" data-id=\"3b63b5bb\" data-element_type=\"container\" data-e-type=\"container\">\n\t\t\t\t\t<div class=\"e-con-inner\">\n\t\t\t\t<div class=\"elementor-element elementor-element-15ff9d60 elementor-widget elementor-widget-text-editor\" data-id=\"15ff9d60\" data-element_type=\"widget\" data-e-type=\"widget\" data-widget_type=\"text-editor.default\">\n\t\t\t\t<div class=\"elementor-widget-container\">\n\t\t\t\t\t\t\t\t\t<p data-start=\"593\" data-end=\"1152\">Aujourd\u2019hui, les avanc\u00e9es scientifiques confirment ce que les professionnelles de la peau constatent chaque jour en cabine : <strong data-start=\"718\" data-end=\"781\">le microbiote est un pilier fondamental de la sant\u00e9 cutan\u00e9e<\/strong>. Bien plus qu\u2019une tendance, le <strong data-start=\"813\" data-end=\"871\">soin professionnel pour pr\u00e9server le microbiote cutan\u00e9<\/strong> \u2013 aussi appel\u00e9 <strong data-start=\"887\" data-end=\"949\">soin professionnel pour <a href=\"https:\/\/lucia-rapetti.com\/microbiote-de-la-peau-cutane\/\">pr\u00e9server le microbiote de la peau<\/a><\/strong> \u2013 devient un v\u00e9ritable <strong data-start=\"973\" data-end=\"1018\">socle des protocoles esth\u00e9tiques modernes<\/strong>. Il conditionne la tol\u00e9rance de la peau, la stabilit\u00e9 des r\u00e9sultats, la pr\u00e9vention du vieillissement et la r\u00e9sistance aux agressions.<\/p><p data-start=\"593\" data-end=\"1152\">D\u00e9couvrez comment prot\u00e9ger durablement une peau saine avec nos soins issu de notre laboratoire de <a href=\"https:\/\/lucia-rapetti.pro\/\">produit cosm\u00e9tique professionnel<\/a>.<\/p><hr data-start=\"1154\" data-end=\"1157\" \/><h2 data-start=\"1159\" data-end=\"1216\">Le microbiote cutan\u00e9 : un \u00e9cosyst\u00e8me vivant \u00e0 prot\u00e9ger<\/h2><p data-start=\"1218\" data-end=\"1440\">Le <strong data-start=\"1221\" data-end=\"1246\">microbiote de la peau<\/strong> d\u00e9signe l\u2019ensemble des micro-organismes naturellement pr\u00e9sents \u00e0 la surface cutan\u00e9e : bact\u00e9ries, levures, virus et microflores protectrices. Ces micro-organismes jouent un r\u00f4le essentiel dans :<\/p><ul data-start=\"1442\" data-end=\"1617\"><li data-start=\"1442\" data-end=\"1492\"><p data-start=\"1444\" data-end=\"1492\">la protection contre les agressions ext\u00e9rieures,<\/p><\/li><li data-start=\"1493\" data-end=\"1515\"><p data-start=\"1495\" data-end=\"1515\">la r\u00e9gulation du pH,<\/p><\/li><li data-start=\"1516\" data-end=\"1550\"><p data-start=\"1518\" data-end=\"1550\">la pr\u00e9vention de l\u2019inflammation,<\/p><\/li><li data-start=\"1551\" data-end=\"1592\"><p data-start=\"1553\" data-end=\"1592\">la stimulation des d\u00e9fenses naturelles,<\/p><\/li><li data-start=\"1593\" data-end=\"1617\"><p data-start=\"1595\" data-end=\"1617\">la r\u00e9paration cutan\u00e9e.<\/p><\/li><\/ul><p data-start=\"1619\" data-end=\"1815\">Chaque peau poss\u00e8de un microbiote unique. Lorsqu\u2019il est \u00e9quilibr\u00e9, la peau est stable, lumineuse, confortable et vieillit mieux. Lorsqu\u2019il est fragilis\u00e9, les d\u00e9s\u00e9quilibres s\u2019installent rapidement.<\/p><hr data-start=\"1817\" data-end=\"1820\" \/><h2 data-start=\"1822\" data-end=\"1925\">Pourquoi pr\u00e9server le microbiote cutan\u00e9 et le microbiote de la peau est devenu essentiel aujourd\u2019hui<\/h2><p data-start=\"1927\" data-end=\"1968\">Les agressions modernes sont nombreuses :<\/p><ul data-start=\"1970\" data-end=\"2129\"><li data-start=\"1970\" data-end=\"1982\"><p data-start=\"1972\" data-end=\"1982\">pollution,<\/p><\/li><li data-start=\"1983\" data-end=\"2001\"><p data-start=\"1985\" data-end=\"2001\">stress oxydatif,<\/p><\/li><li data-start=\"2002\" data-end=\"2007\"><p data-start=\"2004\" data-end=\"2007\">UV,<\/p><\/li><li data-start=\"2008\" data-end=\"2030\"><p data-start=\"2010\" data-end=\"2030\">frottements r\u00e9p\u00e9t\u00e9s,<\/p><\/li><li data-start=\"2031\" data-end=\"2048\"><p data-start=\"2033\" data-end=\"2048\">port du masque,<\/p><\/li><li data-start=\"2049\" data-end=\"2072\"><p data-start=\"2051\" data-end=\"2072\">nettoyants agressifs,<\/p><\/li><li data-start=\"2073\" data-end=\"2099\"><p data-start=\"2075\" data-end=\"2099\">exfoliations excessives,<\/p><\/li><li data-start=\"2100\" data-end=\"2129\"><p data-start=\"2102\" data-end=\"2129\">surtraitements esth\u00e9tiques.<\/p><\/li><\/ul><p data-start=\"2131\" data-end=\"2369\">Ces facteurs fragilisent profond\u00e9ment le <strong data-start=\"2172\" data-end=\"2193\">microbiote cutan\u00e9<\/strong>. Pr\u00e9server le <strong data-start=\"2208\" data-end=\"2233\">microbiote de la peau<\/strong> devient alors une priorit\u00e9 absolue pour garantir la s\u00e9curit\u00e9 des soins, la tol\u00e9rance cutan\u00e9e et la long\u00e9vit\u00e9 des r\u00e9sultats esth\u00e9tiques.<\/p><p data-start=\"2371\" data-end=\"2546\">C\u2019est dans ce contexte que le <strong data-start=\"2401\" data-end=\"2459\">soin professionnel pour pr\u00e9server le microbiote cutan\u00e9<\/strong> prend tout son sens : il agit en amont, avant l\u2019apparition des d\u00e9s\u00e9quilibres visibles.<\/p><hr data-start=\"2548\" data-end=\"2551\" \/><h2 data-start=\"2553\" data-end=\"2616\">Microbiote fragilis\u00e9 : les cons\u00e9quences visibles sur la peau<\/h2><p data-start=\"2618\" data-end=\"2668\">Un microbiote d\u00e9s\u00e9quilibr\u00e9 entra\u00eene tr\u00e8s souvent :<\/p><ul data-start=\"2670\" data-end=\"2843\"><li data-start=\"2670\" data-end=\"2694\"><p data-start=\"2672\" data-end=\"2694\">rougeurs persistantes,<\/p><\/li><li data-start=\"2695\" data-end=\"2720\"><p data-start=\"2697\" data-end=\"2720\">sensations d\u2019inconfort,<\/p><\/li><li data-start=\"2721\" data-end=\"2740\"><p data-start=\"2723\" data-end=\"2740\">hypersensibilit\u00e9,<\/p><\/li><li data-start=\"2741\" data-end=\"2772\"><p data-start=\"2743\" data-end=\"2772\">imperfections inflammatoires,<\/p><\/li><li data-start=\"2773\" data-end=\"2800\"><p data-start=\"2775\" data-end=\"2800\">vieillissement pr\u00e9matur\u00e9,<\/p><\/li><li data-start=\"2801\" data-end=\"2817\"><p data-start=\"2803\" data-end=\"2817\">perte d\u2019\u00e9clat,<\/p><\/li><li data-start=\"2818\" data-end=\"2843\"><p data-start=\"2820\" data-end=\"2843\">intol\u00e9rances aux soins.<\/p><\/li><\/ul><p data-start=\"2845\" data-end=\"3047\">Ces manifestations sont directement li\u00e9es \u00e0 l\u2019alt\u00e9ration des d\u00e9fenses naturelles de la peau. Le <strong data-start=\"2941\" data-end=\"3003\">soin professionnel pour pr\u00e9server le microbiote de la peau<\/strong> agit comme un v\u00e9ritable bouclier pr\u00e9ventif.<\/p><hr data-start=\"3049\" data-end=\"3052\" \/><h2 data-start=\"3054\" data-end=\"3157\">Qu\u2019est-ce qu\u2019un soin professionnel pour pr\u00e9server le microbiote cutan\u00e9 et le microbiote de la peau ?<\/h2><p data-start=\"3159\" data-end=\"3358\">Un <strong data-start=\"3162\" data-end=\"3220\">soin professionnel pour pr\u00e9server le microbiote cutan\u00e9<\/strong> vise \u00e0 maintenir l\u2019\u00e9quilibre de la flore cutan\u00e9e avant m\u00eame que les d\u00e9s\u00e9quilibres ne s\u2019installent. Il repose sur plusieurs axes majeurs :<\/p><ul data-start=\"3360\" data-end=\"3564\"><li data-start=\"3360\" data-end=\"3400\"><p data-start=\"3362\" data-end=\"3400\">respect absolu du film hydrolipidique,<\/p><\/li><li data-start=\"3401\" data-end=\"3436\"><p data-start=\"3403\" data-end=\"3436\">renforcement de la flore cutan\u00e9e,<\/p><\/li><li data-start=\"3437\" data-end=\"3476\"><p data-start=\"3439\" data-end=\"3476\">protection de la barri\u00e8re biologique,<\/p><\/li><li data-start=\"3477\" data-end=\"3518\"><p data-start=\"3479\" data-end=\"3518\">limitation de l\u2019inflammation chronique,<\/p><\/li><li data-start=\"3519\" data-end=\"3564\"><p data-start=\"3521\" data-end=\"3564\">stimulation douce des fonctions naturelles.<\/p><\/li><\/ul><p data-start=\"3566\" data-end=\"3737\">Contrairement aux soins r\u00e9parateurs, le <strong data-start=\"3606\" data-end=\"3668\">soin professionnel pour pr\u00e9server le microbiote de la peau<\/strong> agit dans une logique <strong data-start=\"3691\" data-end=\"3736\">pr\u00e9ventive, stabilisatrice et protectrice<\/strong>.<\/p><hr data-start=\"3739\" data-end=\"3742\" \/><h2 data-start=\"3744\" data-end=\"3829\">Pourquoi l\u2019institut est la cl\u00e9 pour pr\u00e9server durablement le microbiote de la peau<\/h2><p data-start=\"3831\" data-end=\"4020\">La pr\u00e9servation du microbiote ne peut pas reposer uniquement sur une routine \u00e0 domicile. <strong data-start=\"3920\" data-end=\"4009\">L\u2019institut est le lieu o\u00f9 l\u2019\u00e9quilibre cutan\u00e9 se s\u00e9curise r\u00e9ellement sur le long terme<\/strong>, gr\u00e2ce \u00e0 :<\/p><ul data-start=\"4022\" data-end=\"4237\"><li data-start=\"4022\" data-end=\"4061\"><p data-start=\"4024\" data-end=\"4061\">\u2705 un diagnostic professionnel pr\u00e9cis,<\/p><\/li><li data-start=\"4062\" data-end=\"4113\"><p data-start=\"4064\" data-end=\"4113\">\u2705 des actifs microbiote-friendly hautement dos\u00e9s,<\/p><\/li><li data-start=\"4114\" data-end=\"4144\"><p data-start=\"4116\" data-end=\"4144\">\u2705 des protocoles sur-mesure,<\/p><\/li><li data-start=\"4145\" data-end=\"4188\"><p data-start=\"4147\" data-end=\"4188\">\u2705 des technologies douces non agressives,<\/p><\/li><li data-start=\"4189\" data-end=\"4237\"><p data-start=\"4191\" data-end=\"4237\">\u2705 un suivi r\u00e9gulier de l\u2019\u00e9volution de la peau.<\/p><\/li><\/ul><p data-start=\"4239\" data-end=\"4368\">Le <strong data-start=\"4242\" data-end=\"4300\">soin professionnel pour pr\u00e9server le microbiote cutan\u00e9<\/strong> devient ainsi un v\u00e9ritable acte d\u2019accompagnement global de la peau.<\/p><hr data-start=\"4370\" data-end=\"4373\" \/><h2 data-start=\"4375\" data-end=\"4457\">Pr\u00e9server le microbiote cutan\u00e9 : un pilier fondamental du soin anti-\u00e2ge moderne<\/h2><p data-start=\"4459\" data-end=\"4654\">Le vieillissement cutan\u00e9 est aujourd\u2019hui reconnu comme \u00e9tant \u00e9troitement li\u00e9 \u00e0 l\u2019inflammation chronique. Or, cette inflammation est directement influenc\u00e9e par l\u2019\u00e9tat du <strong data-start=\"4628\" data-end=\"4653\">microbiote de la peau<\/strong>.<\/p><p data-start=\"4656\" data-end=\"4693\">Un microbiote d\u00e9s\u00e9quilibr\u00e9 entra\u00eene :<\/p><ul data-start=\"4695\" data-end=\"4828\"><li data-start=\"4695\" data-end=\"4734\"><p data-start=\"4697\" data-end=\"4734\">une augmentation des radicaux libres,<\/p><\/li><li data-start=\"4735\" data-end=\"4761\"><p data-start=\"4737\" data-end=\"4761\">une glycation acc\u00e9l\u00e9r\u00e9e,<\/p><\/li><li data-start=\"4762\" data-end=\"4793\"><p data-start=\"4764\" data-end=\"4793\">une d\u00e9gradation du collag\u00e8ne,<\/p><\/li><li data-start=\"4794\" data-end=\"4828\"><p data-start=\"4796\" data-end=\"4828\">une perte de fermet\u00e9 pr\u00e9matur\u00e9e.<\/p><\/li><\/ul><p data-start=\"4830\" data-end=\"5021\">Le <strong data-start=\"4833\" data-end=\"4891\">soin professionnel pour pr\u00e9server le microbiote cutan\u00e9<\/strong> devient alors un <strong data-start=\"4909\" data-end=\"4959\">soin anti-\u00e2ge pr\u00e9ventif de nouvelle g\u00e9n\u00e9ration<\/strong>, garantissant une meilleure long\u00e9vit\u00e9 des r\u00e9sultats visibles.<\/p><hr data-start=\"5023\" data-end=\"5026\" \/><h2 data-start=\"5028\" data-end=\"5127\">\u00c0 quels types de peaux s\u2019adresse un soin professionnel pour pr\u00e9server le microbiote de la peau ?<\/h2><p data-start=\"5129\" data-end=\"5180\">Ce type de soin est particuli\u00e8rement indiqu\u00e9 pour :<\/p><ul data-start=\"5182\" data-end=\"5406\"><li data-start=\"5182\" data-end=\"5206\"><p data-start=\"5184\" data-end=\"5206\">\u2705 les peaux sensibles,<\/p><\/li><li data-start=\"5207\" data-end=\"5231\"><p data-start=\"5209\" data-end=\"5231\">\u2705 les peaux r\u00e9actives,<\/p><\/li><li data-start=\"5232\" data-end=\"5254\"><p data-start=\"5234\" data-end=\"5254\">\u2705 les peaux matures,<\/p><\/li><li data-start=\"5255\" data-end=\"5298\"><p data-start=\"5257\" data-end=\"5298\">\u2705 les peaux sous traitements esth\u00e9tiques,<\/p><\/li><li data-start=\"5299\" data-end=\"5340\"><p data-start=\"5301\" data-end=\"5340\">\u2705 les peaux post-peeling ou post-laser,<\/p><\/li><li data-start=\"5341\" data-end=\"5373\"><p data-start=\"5343\" data-end=\"5373\">\u2705 l\u2019acn\u00e9 adulte inflammatoire,<\/p><\/li><li data-start=\"5374\" data-end=\"5406\"><p data-start=\"5376\" data-end=\"5406\">\u2705 les d\u00e9s\u00e9quilibres hormonaux.<\/p><\/li><\/ul><p data-start=\"5408\" data-end=\"5464\">Il agit comme un <strong data-start=\"5425\" data-end=\"5463\">bouclier protecteur cutan\u00e9 durable<\/strong>.<\/p><hr data-start=\"5466\" data-end=\"5469\" \/><h2 data-start=\"5471\" data-end=\"5534\">La routine cabine id\u00e9ale pour pr\u00e9server le microbiote cutan\u00e9<\/h2><p data-start=\"5536\" data-end=\"5642\">Un <strong data-start=\"5539\" data-end=\"5606\">protocole professionnel pour pr\u00e9server le microbiote de la peau<\/strong> s\u2019articule g\u00e9n\u00e9ralement autour de :<\/p><ol data-start=\"5644\" data-end=\"5916\"><li data-start=\"5644\" data-end=\"5687\"><p data-start=\"5647\" data-end=\"5687\">Nettoyage ultra-doux respectueux du pH<\/p><\/li><li data-start=\"5688\" data-end=\"5734\"><p data-start=\"5691\" data-end=\"5734\">Actifs pr\u00e9biotiques pour nourrir la flore<\/p><\/li><li data-start=\"5735\" data-end=\"5787\"><p data-start=\"5738\" data-end=\"5787\">Actifs probiotiques pour renforcer l\u2019\u00e9cosyst\u00e8me<\/p><\/li><li data-start=\"5788\" data-end=\"5846\"><p data-start=\"5791\" data-end=\"5846\">Postbiotiques r\u00e9parateurs pour consolider la barri\u00e8re<\/p><\/li><li data-start=\"5847\" data-end=\"5880\"><p data-start=\"5850\" data-end=\"5880\">Stimulation cellulaire douce<\/p><\/li><li data-start=\"5881\" data-end=\"5916\"><p data-start=\"5884\" data-end=\"5916\">Soin barri\u00e8re protecteur final<\/p><\/li><\/ol><p data-start=\"5918\" data-end=\"5987\">Ce protocole maximise la tol\u00e9rance cutan\u00e9e et s\u00e9curise les r\u00e9sultats.<\/p><hr data-start=\"5989\" data-end=\"5992\" \/><h2 data-start=\"5994\" data-end=\"6074\">Pr\u00e9server le microbiote de la peau durablement : l\u2019alliance cabine + domicile<\/h2><p data-start=\"6076\" data-end=\"6152\">Pour prot\u00e9ger durablement le microbiote, l\u2019action se fait sur deux niveaux :<\/p><ul data-start=\"6154\" data-end=\"6278\"><li data-start=\"6154\" data-end=\"6212\"><p data-start=\"6156\" data-end=\"6212\"><strong data-start=\"6156\" data-end=\"6169\">en cabine<\/strong> : protection, renforcement, stabilisation,<\/p><\/li><li data-start=\"6213\" data-end=\"6278\"><p data-start=\"6215\" data-end=\"6278\"><strong data-start=\"6215\" data-end=\"6229\">\u00e0 domicile<\/strong> : entretien, respect, limitation des agressions.<\/p><\/li><\/ul><p data-start=\"6280\" data-end=\"6361\">L\u2019esth\u00e9ticienne joue ici un r\u00f4le de <strong data-start=\"6316\" data-end=\"6360\">r\u00e9f\u00e9rence, de conseil et de suivi expert<\/strong>.<\/p><hr data-start=\"6363\" data-end=\"6366\" \/><h2 data-start=\"6368\" data-end=\"6460\">Lucia Rapetti Pro : l\u2019expertise du soin professionnel pour pr\u00e9server le microbiote cutan\u00e9<\/h2><p data-start=\"6462\" data-end=\"6647\">Lucia Rapetti Pro d\u00e9veloppe des <strong data-start=\"6494\" data-end=\"6582\">soins professionnels pour pr\u00e9server le microbiote cutan\u00e9 et le microbiote de la peau<\/strong>, sp\u00e9cifiquement con\u00e7us pour les <strong data-start=\"6615\" data-end=\"6646\">instituts et esth\u00e9ticiennes<\/strong>.<\/p><p data-start=\"6649\" data-end=\"6693\">Les protocoles Lucia Rapetti Pro associent :<\/p><ul data-start=\"6695\" data-end=\"6886\"><li data-start=\"6695\" data-end=\"6745\"><p data-start=\"6697\" data-end=\"6745\">actifs microbiote-friendly de haute performance,<\/p><\/li><li data-start=\"6746\" data-end=\"6779\"><p data-start=\"6748\" data-end=\"6779\">soins barri\u00e8re haute tol\u00e9rance,<\/p><\/li><li data-start=\"6780\" data-end=\"6810\"><p data-start=\"6782\" data-end=\"6810\">pr\u00e9vention anti-\u00e2ge avanc\u00e9e,<\/p><\/li><li data-start=\"6811\" data-end=\"6842\"><p data-start=\"6813\" data-end=\"6842\">accompagnement professionnel,<\/p><\/li><li data-start=\"6843\" data-end=\"6886\"><p data-start=\"6845\" data-end=\"6886\">s\u00e9curisation des traitements esth\u00e9tiques.<\/p><\/li><\/ul><p data-start=\"6888\" data-end=\"7009\">Chaque soin devient un <strong data-start=\"6911\" data-end=\"6941\">socle de stabilit\u00e9 cutan\u00e9e<\/strong>, garantissant des r\u00e9sultats durables et une fid\u00e9lisation renforc\u00e9e.<\/p>\t\t\t\t\t\t\t\t<\/div>\n\t\t\t\t<\/div>\n\t\t\t\t\t<\/div>\n\t\t\t\t<\/div>\n\t\t<div class=\"elementor-element elementor-element-b4a7f1e e-flex e-con-boxed e-con e-parent\" data-id=\"b4a7f1e\" data-element_type=\"container\" data-e-type=\"container\">\n\t\t\t\t\t<div class=\"e-con-inner\">\n\t\t\t\t<div class=\"elementor-element elementor-element-9fd4afe elementor-widget elementor-widget-heading\" data-id=\"9fd4afe\" data-element_type=\"widget\" data-e-type=\"widget\" data-widget_type=\"heading.default\">\n\t\t\t\t<div class=\"elementor-widget-container\">\n\t\t\t\t\t<h2 class=\"elementor-heading-title elementor-size-default\">FAQ \u2013 Soin professionnel pour pr\u00e9server le microbiote cutan\u00e9 et de la peau<\/h2>\t\t\t\t<\/div>\n\t\t\t\t<\/div>\n\t\t\t\t<div class=\"elementor-element elementor-element-c4c58de elementor-widget elementor-widget-n-accordion\" data-id=\"c4c58de\" data-element_type=\"widget\" data-e-type=\"widget\" data-settings=\"{&quot;default_state&quot;:&quot;expanded&quot;,&quot;max_items_expended&quot;:&quot;one&quot;,&quot;n_accordion_animation_duration&quot;:{&quot;unit&quot;:&quot;ms&quot;,&quot;size&quot;:400,&quot;sizes&quot;:[]}}\" data-widget_type=\"nested-accordion.default\">\n\t\t\t\t<div class=\"elementor-widget-container\">\n\t\t\t\t\t\t\t<div class=\"e-n-accordion\" aria-label=\"Accordion. Open links with Enter or Space, close with Escape, and navigate with Arrow Keys\">\n\t\t\t\t\t\t<details id=\"e-n-accordion-item-2060\" class=\"e-n-accordion-item\" open>\n\t\t\t\t<summary class=\"e-n-accordion-item-title\" data-accordion-index=\"1\" tabindex=\"0\" aria-expanded=\"true\" aria-controls=\"e-n-accordion-item-2060\" >\n\t\t\t\t\t<span class='e-n-accordion-item-title-header'><div class=\"e-n-accordion-item-title-text\"> Quelle est la diff\u00e9rence entre pr\u00e9server et r\u00e9parer le microbiote ? <\/div><\/span>\n\t\t\t\t\t\t\t<span class='e-n-accordion-item-title-icon'>\n\t\t\t<span class='e-opened' ><svg aria-hidden=\"true\" class=\"e-font-icon-svg e-fas-minus\" viewBox=\"0 0 448 512\" xmlns=\"http:\/\/www.w3.org\/2000\/svg\"><path d=\"M416 208H32c-17.67 0-32 14.33-32 32v32c0 17.67 14.33 32 32 32h384c17.67 0 32-14.33 32-32v-32c0-17.67-14.33-32-32-32z\"><\/path><\/svg><\/span>\n\t\t\t<span class='e-closed'><svg aria-hidden=\"true\" class=\"e-font-icon-svg e-fas-plus\" viewBox=\"0 0 448 512\" xmlns=\"http:\/\/www.w3.org\/2000\/svg\"><path d=\"M416 208H272V64c0-17.67-14.33-32-32-32h-32c-17.67 0-32 14.33-32 32v144H32c-17.67 0-32 14.33-32 32v32c0 17.67 14.33 32 32 32h144v144c0 17.67 14.33 32 32 32h32c17.67 0 32-14.33 32-32V304h144c17.67 0 32-14.33 32-32v-32c0-17.67-14.33-32-32-32z\"><\/path><\/svg><\/span>\n\t\t<\/span>\n\n\t\t\t\t\t\t<\/summary>\n\t\t\t\t<div role=\"region\" aria-labelledby=\"e-n-accordion-item-2060\" class=\"elementor-element elementor-element-2ab91cc e-con-full e-flex e-con e-child\" data-id=\"2ab91cc\" data-element_type=\"container\" data-e-type=\"container\">\n\t\t<div role=\"region\" aria-labelledby=\"e-n-accordion-item-2060\" class=\"elementor-element elementor-element-fd1c2f5 e-flex e-con-boxed e-con e-child\" data-id=\"fd1c2f5\" data-element_type=\"container\" data-e-type=\"container\">\n\t\t\t\t\t<div class=\"e-con-inner\">\n\t\t\t\t<div class=\"elementor-element elementor-element-0c5e0bc elementor-widget elementor-widget-text-editor\" data-id=\"0c5e0bc\" data-element_type=\"widget\" data-e-type=\"widget\" data-widget_type=\"text-editor.default\">\n\t\t\t\t<div class=\"elementor-widget-container\">\n\t\t\t\t\t\t\t\t\t<p>Pr\u00e9server consiste \u00e0 prot\u00e9ger l\u2019\u00e9quilibre avant qu\u2019il ne se d\u00e9t\u00e9riore, r\u00e9parer intervient une fois le d\u00e9s\u00e9quilibre install\u00e9.<\/p>\t\t\t\t\t\t\t\t<\/div>\n\t\t\t\t<\/div>\n\t\t\t\t\t<\/div>\n\t\t\t\t<\/div>\n\t\t\t\t<\/div>\n\t\t\t\t\t<\/details>\n\t\t\t\t\t\t<details id=\"e-n-accordion-item-2061\" class=\"e-n-accordion-item\" >\n\t\t\t\t<summary class=\"e-n-accordion-item-title\" data-accordion-index=\"2\" tabindex=\"-1\" aria-expanded=\"false\" aria-controls=\"e-n-accordion-item-2061\" >\n\t\t\t\t\t<span class='e-n-accordion-item-title-header'><div class=\"e-n-accordion-item-title-text\"> \u00c0 partir de quel \u00e2ge recommander ce soin ? <\/div><\/span>\n\t\t\t\t\t\t\t<span class='e-n-accordion-item-title-icon'>\n\t\t\t<span class='e-opened' ><svg aria-hidden=\"true\" class=\"e-font-icon-svg e-fas-minus\" viewBox=\"0 0 448 512\" xmlns=\"http:\/\/www.w3.org\/2000\/svg\"><path d=\"M416 208H32c-17.67 0-32 14.33-32 32v32c0 17.67 14.33 32 32 32h384c17.67 0 32-14.33 32-32v-32c0-17.67-14.33-32-32-32z\"><\/path><\/svg><\/span>\n\t\t\t<span class='e-closed'><svg aria-hidden=\"true\" class=\"e-font-icon-svg e-fas-plus\" viewBox=\"0 0 448 512\" xmlns=\"http:\/\/www.w3.org\/2000\/svg\"><path d=\"M416 208H272V64c0-17.67-14.33-32-32-32h-32c-17.67 0-32 14.33-32 32v144H32c-17.67 0-32 14.33-32 32v32c0 17.67 14.33 32 32 32h144v144c0 17.67 14.33 32 32 32h32c17.67 0 32-14.33 32-32V304h144c17.67 0 32-14.33 32-32v-32c0-17.67-14.33-32-32-32z\"><\/path><\/svg><\/span>\n\t\t<\/span>\n\n\t\t\t\t\t\t<\/summary>\n\t\t\t\t<div role=\"region\" aria-labelledby=\"e-n-accordion-item-2061\" class=\"elementor-element elementor-element-11c869f e-con-full e-flex e-con e-child\" data-id=\"11c869f\" data-element_type=\"container\" data-e-type=\"container\">\n\t\t<div role=\"region\" aria-labelledby=\"e-n-accordion-item-2061\" class=\"elementor-element elementor-element-6e0a528 e-flex e-con-boxed e-con e-child\" data-id=\"6e0a528\" data-element_type=\"container\" data-e-type=\"container\">\n\t\t\t\t\t<div class=\"e-con-inner\">\n\t\t\t\t<div class=\"elementor-element elementor-element-814d6c1 elementor-widget elementor-widget-text-editor\" data-id=\"814d6c1\" data-element_type=\"widget\" data-e-type=\"widget\" data-widget_type=\"text-editor.default\">\n\t\t\t\t<div class=\"elementor-widget-container\">\n\t\t\t\t\t\t\t\t\t<p data-start=\"5996\" data-end=\"6153\">D\u00e8s 25\u201330 ans en pr\u00e9vention, et \u00e0 tout \u00e2ge pour les peaux fragilis\u00e9es.<\/p>\t\t\t\t\t\t\t\t<\/div>\n\t\t\t\t<\/div>\n\t\t\t\t\t<\/div>\n\t\t\t\t<\/div>\n\t\t\t\t<\/div>\n\t\t\t\t\t<\/details>\n\t\t\t\t\t\t<details id=\"e-n-accordion-item-2062\" class=\"e-n-accordion-item\" >\n\t\t\t\t<summary class=\"e-n-accordion-item-title\" data-accordion-index=\"3\" tabindex=\"-1\" aria-expanded=\"false\" aria-controls=\"e-n-accordion-item-2062\" >\n\t\t\t\t\t<span class='e-n-accordion-item-title-header'><div class=\"e-n-accordion-item-title-text\"> Combien de s\u00e9ances sont n\u00e9cessaires ? <\/div><\/span>\n\t\t\t\t\t\t\t<span class='e-n-accordion-item-title-icon'>\n\t\t\t<span class='e-opened' ><svg aria-hidden=\"true\" class=\"e-font-icon-svg e-fas-minus\" viewBox=\"0 0 448 512\" xmlns=\"http:\/\/www.w3.org\/2000\/svg\"><path d=\"M416 208H32c-17.67 0-32 14.33-32 32v32c0 17.67 14.33 32 32 32h384c17.67 0 32-14.33 32-32v-32c0-17.67-14.33-32-32-32z\"><\/path><\/svg><\/span>\n\t\t\t<span class='e-closed'><svg aria-hidden=\"true\" class=\"e-font-icon-svg e-fas-plus\" viewBox=\"0 0 448 512\" xmlns=\"http:\/\/www.w3.org\/2000\/svg\"><path d=\"M416 208H272V64c0-17.67-14.33-32-32-32h-32c-17.67 0-32 14.33-32 32v144H32c-17.67 0-32 14.33-32 32v32c0 17.67 14.33 32 32 32h144v144c0 17.67 14.33 32 32 32h32c17.67 0 32-14.33 32-32V304h144c17.67 0 32-14.33 32-32v-32c0-17.67-14.33-32-32-32z\"><\/path><\/svg><\/span>\n\t\t<\/span>\n\n\t\t\t\t\t\t<\/summary>\n\t\t\t\t<div role=\"region\" aria-labelledby=\"e-n-accordion-item-2062\" class=\"elementor-element elementor-element-35302e1 e-con-full e-flex e-con e-child\" data-id=\"35302e1\" data-element_type=\"container\" data-e-type=\"container\">\n\t\t<div role=\"region\" aria-labelledby=\"e-n-accordion-item-2062\" class=\"elementor-element elementor-element-cba282f e-flex e-con-boxed e-con e-child\" data-id=\"cba282f\" data-element_type=\"container\" data-e-type=\"container\">\n\t\t\t\t\t<div class=\"e-con-inner\">\n\t\t\t\t<div class=\"elementor-element elementor-element-fc3dc6e elementor-widget elementor-widget-text-editor\" data-id=\"fc3dc6e\" data-element_type=\"widget\" data-e-type=\"widget\" data-widget_type=\"text-editor.default\">\n\t\t\t\t<div class=\"elementor-widget-container\">\n\t\t\t\t\t\t\t\t\t<p>En entretien : 1 s\u00e9ance par mois. En d\u00e9s\u00e9quilibre : cure de 3 \u00e0 5 s\u00e9ances.<\/p>\t\t\t\t\t\t\t\t<\/div>\n\t\t\t\t<\/div>\n\t\t\t\t\t<\/div>\n\t\t\t\t<\/div>\n\t\t\t\t<\/div>\n\t\t\t\t\t<\/details>\n\t\t\t\t\t\t<details id=\"e-n-accordion-item-2063\" class=\"e-n-accordion-item\" >\n\t\t\t\t<summary class=\"e-n-accordion-item-title\" data-accordion-index=\"4\" tabindex=\"-1\" aria-expanded=\"false\" aria-controls=\"e-n-accordion-item-2063\" >\n\t\t\t\t\t<span class='e-n-accordion-item-title-header'><div class=\"e-n-accordion-item-title-text\"> Ce soin est-il compatible avec les peelings ? <\/div><\/span>\n\t\t\t\t\t\t\t<span class='e-n-accordion-item-title-icon'>\n\t\t\t<span class='e-opened' ><svg aria-hidden=\"true\" class=\"e-font-icon-svg e-fas-minus\" viewBox=\"0 0 448 512\" xmlns=\"http:\/\/www.w3.org\/2000\/svg\"><path d=\"M416 208H32c-17.67 0-32 14.33-32 32v32c0 17.67 14.33 32 32 32h384c17.67 0 32-14.33 32-32v-32c0-17.67-14.33-32-32-32z\"><\/path><\/svg><\/span>\n\t\t\t<span class='e-closed'><svg aria-hidden=\"true\" class=\"e-font-icon-svg e-fas-plus\" viewBox=\"0 0 448 512\" xmlns=\"http:\/\/www.w3.org\/2000\/svg\"><path d=\"M416 208H272V64c0-17.67-14.33-32-32-32h-32c-17.67 0-32 14.33-32 32v144H32c-17.67 0-32 14.33-32 32v32c0 17.67 14.33 32 32 32h144v144c0 17.67 14.33 32 32 32h32c17.67 0 32-14.33 32-32V304h144c17.67 0 32-14.33 32-32v-32c0-17.67-14.33-32-32-32z\"><\/path><\/svg><\/span>\n\t\t<\/span>\n\n\t\t\t\t\t\t<\/summary>\n\t\t\t\t<div role=\"region\" aria-labelledby=\"e-n-accordion-item-2063\" class=\"elementor-element elementor-element-0e7ff5e e-flex e-con-boxed e-con e-child\" data-id=\"0e7ff5e\" data-element_type=\"container\" data-e-type=\"container\">\n\t\t\t\t\t<div class=\"e-con-inner\">\n\t\t<div role=\"region\" aria-labelledby=\"e-n-accordion-item-2063\" class=\"elementor-element elementor-element-a829042 e-con-full e-flex e-con e-child\" data-id=\"a829042\" data-element_type=\"container\" data-e-type=\"container\">\n\t\t\t\t<div class=\"elementor-element elementor-element-13c36f3 elementor-widget elementor-widget-text-editor\" data-id=\"13c36f3\" data-element_type=\"widget\" data-e-type=\"widget\" data-widget_type=\"text-editor.default\">\n\t\t\t\t<div class=\"elementor-widget-container\">\n\t\t\t\t\t\t\t\t\t<p data-start=\"6272\" data-end=\"6401\">Oui, il est fortement recommand\u00e9 avant et apr\u00e8s un peeling.<\/p>\t\t\t\t\t\t\t\t<\/div>\n\t\t\t\t<\/div>\n\t\t\t\t<\/div>\n\t\t\t\t\t<\/div>\n\t\t\t\t<\/div>\n\t\t\t\t\t<\/details>\n\t\t\t\t\t<\/div>\n\t\t\t\t\t\t<\/div>\n\t\t\t\t<\/div>\n\t\t\t\t\t<\/div>\n\t\t\t\t<\/div>\n\t\t<div class=\"elementor-element elementor-element-e3cdabe e-flex e-con-boxed e-con e-parent\" data-id=\"e3cdabe\" data-element_type=\"container\" data-e-type=\"container\">\n\t\t\t\t\t<div class=\"e-con-inner\">\n\t\t\t\t<div class=\"elementor-element elementor-element-a6f8b5d elementor-widget elementor-widget-html\" data-id=\"a6f8b5d\" data-element_type=\"widget\" data-e-type=\"widget\" data-widget_type=\"html.default\">\n\t\t\t\t<div class=\"elementor-widget-container\">\n\t\t\t\t\t<script>{\n  \"meta\": {\n    \"title\": \"Soin professionnel pour pr\u00e9server le microbiote cutan\u00e9 | Lucia Rapetti Pro\",\n    \"description\": \"Pr\u00e9servez durablement le microbiote cutan\u00e9 et le microbiote de la peau gr\u00e2ce \u00e0 un soin professionnel en institut : barri\u00e8re cutan\u00e9e, anti-\u00e2ge et haute tol\u00e9rance.\"\n  },\n  \"schema_org\": {\n    \"@context\": \"https:\/\/schema.org\",\n    \"@type\": \"Article\",\n    \"headline\": \"Soin professionnel pour pr\u00e9server le microbiote cutan\u00e9 et le microbiote de la peau\",\n    \"description\": \"Le soin professionnel pour pr\u00e9server le microbiote cutan\u00e9 et le microbiote de la peau est devenu un pilier des protocoles en institut pour prot\u00e9ger la barri\u00e8re cutan\u00e9e, pr\u00e9venir l\u2019inflammation et optimiser les r\u00e9sultats anti-\u00e2ge.\",\n    \"inLanguage\": \"fr-FR\",\n    \"keywords\": [\n      \"soin professionnel pour pr\u00e9server le microbiote cutan\u00e9\",\n      \"soin professionnel pour pr\u00e9server le microbiote de la peau\",\n      \"microbiote cutan\u00e9\",\n      \"microbiote de la peau\",\n      \"barri\u00e8re cutan\u00e9e\",\n      \"soin visage professionnel\",\n      \"cosm\u00e9tique professionnelle\",\n      \"soin institut\",\n      \"soin esth\u00e9ticienne\",\n      \"anti-\u00e2ge professionnel\",\n      \"Lucia Rapetti Pro\"\n    ],\n    \"author\": {\n      \"@type\": \"Organization\",\n      \"name\": \"Lucia Rapetti Pro\"\n    },\n    \"publisher\": {\n      \"@type\": \"Organization\",\n      \"name\": \"Lucia Rapetti Pro\",\n      \"logo\": {\n        \"@type\": \"ImageObject\",\n        \"url\": \"https:\/\/lucia-rapetti.pro\/logo.png\"\n      }\n    },\n    \"mainEntityOfPage\": {\n      \"@type\": \"WebPage\",\n      \"@id\": \"https:\/\/lucia-rapetti.pro\/soin-professionnel-preserver-microbiote\"\n    }\n  }\n}\n\n<\/script>\t\t\t\t<\/div>\n\t\t\t\t<\/div>\n\t\t\t\t\t<\/div>\n\t\t\t\t<\/div>\n\t\t\t\t<\/div>\n\t\t","protected":false},"excerpt":{"rendered":"<p>Aujourd\u2019hui, les avanc\u00e9es scientifiques confirment ce que les professionnelles de la peau constatent chaque jour en cabine : le microbiote est un pilier fondamental de la sant\u00e9 cutan\u00e9e. Bien plus qu\u2019une tendance, le soin professionnel pour pr\u00e9server le microbiote cutan\u00e9 \u2013 aussi appel\u00e9 soin professionnel pour pr\u00e9server le microbiote de la peau \u2013 devient un [&hellip;]<\/p>\n","protected":false},"author":1,"featured_media":1068,"comment_status":"closed","ping_status":"closed","sticky":false,"template":"","format":"standard","meta":{"_acf_changed":false,"_mo_disable_npp":"","site-sidebar-layout":"default","site-content-layout":"","ast-site-content-layout":"default","site-content-style":"default","site-sidebar-style":"default","ast-global-header-display":"","ast-banner-title-visibility":"","ast-main-header-display":"","ast-hfb-above-header-display":"","ast-hfb-below-header-display":"","ast-hfb-mobile-header-display":"","site-post-title":"","ast-breadcrumbs-content":"","ast-featured-img":"","footer-sml-layout":"","ast-disable-related-posts":"","theme-transparent-header-meta":"","adv-header-id-meta":"","stick-header-meta":"","header-above-stick-meta":"","header-main-stick-meta":"","header-below-stick-meta":"","astra-migrate-meta-layouts":"set","ast-page-background-enabled":"default","ast-page-background-meta":{"desktop":{"background-color":"var(--ast-global-color-4)","background-image":"","background-repeat":"repeat","background-position":"center center","background-size":"auto","background-attachment":"scroll","background-type":"","background-media":"","overlay-type":"","overlay-color":"","overlay-opacity":"","overlay-gradient":""},"tablet":{"background-color":"","background-image":"","background-repeat":"repeat","background-position":"center center","background-size":"auto","background-attachment":"scroll","background-type":"","background-media":"","overlay-type":"","overlay-color":"","overlay-opacity":"","overlay-gradient":""},"mobile":{"background-color":"","background-image":"","background-repeat":"repeat","background-position":"center center","background-size":"auto","background-attachment":"scroll","background-type":"","background-media":"","overlay-type":"","overlay-color":"","overlay-opacity":"","overlay-gradient":""}},"ast-content-background-meta":{"desktop":{"background-color":"var(--ast-global-color-5)","background-image":"","background-repeat":"repeat","background-position":"center center","background-size":"auto","background-attachment":"scroll","background-type":"","background-media":"","overlay-type":"","overlay-color":"","overlay-opacity":"","overlay-gradient":""},"tablet":{"background-color":"var(--ast-global-color-5)","background-image":"","background-repeat":"repeat","background-position":"center center","background-size":"auto","background-attachment":"scroll","background-type":"","background-media":"","overlay-type":"","overlay-color":"","overlay-opacity":"","overlay-gradient":""},"mobile":{"background-color":"var(--ast-global-color-5)","background-image":"","background-repeat":"repeat","background-position":"center center","background-size":"auto","background-attachment":"scroll","background-type":"","background-media":"","overlay-type":"","overlay-color":"","overlay-opacity":"","overlay-gradient":""}},"footnotes":""},"categories":[113,161],"tags":[101,103,102],"class_list":["post-6818","post","type-post","status-publish","format-standard","has-post-thumbnail","hentry","category-beaute-naturelle","category-microbiote-de-la-peau","tag-clean-beauty","tag-gammes","tag-produits"],"acf":[],"yoast_head":"<!-- This site is optimized with the Yoast SEO plugin v27.5 - https:\/\/yoast.com\/product\/yoast-seo-wordpress\/ -->\n<title>Soin professionnel pour pr\u00e9server le microbiote cutan\u00e9 | Lucia Pro<\/title>\n<meta name=\"description\" content=\"Soin professionnel pour pr\u00e9server le microbiote de la peau en institut : protection de la barri\u00e8re cutan\u00e9e, anti-\u00e2ge et peaux sensibles.\" \/>\n<meta name=\"robots\" content=\"index, follow, max-snippet:-1, max-image-preview:large, max-video-preview:-1\" \/>\n<link rel=\"canonical\" href=\"https:\/\/lucia-rapetti.pro\/it\/blog\/cure-professionali-per-preservare-il-microbiota-cutaneo-la-chiave-per-una-pelle-sana-e-protetta-a-lungo\/\" \/>\n<meta property=\"og:locale\" content=\"it_IT\" \/>\n<meta property=\"og:type\" content=\"article\" \/>\n<meta property=\"og:title\" content=\"Soin professionnel pour pr\u00e9server le microbiote cutan\u00e9 | Lucia Pro\" \/>\n<meta property=\"og:description\" content=\"Soin professionnel pour pr\u00e9server le microbiote de la peau en institut : protection de la barri\u00e8re cutan\u00e9e, anti-\u00e2ge et peaux sensibles.\" \/>\n<meta property=\"og:url\" content=\"https:\/\/lucia-rapetti.pro\/it\/blog\/cure-professionali-per-preservare-il-microbiota-cutaneo-la-chiave-per-una-pelle-sana-e-protetta-a-lungo\/\" \/>\n<meta property=\"og:site_name\" content=\"Lucia Rapetti Laboratoire Naturel\" \/>\n<meta property=\"article:publisher\" content=\"https:\/\/www.facebook.com\/luciarapettiofficial\" \/>\n<meta property=\"article:published_time\" content=\"2025-12-08T15:22:10+00:00\" \/>\n<meta property=\"article:modified_time\" content=\"2025-12-08T15:34:19+00:00\" \/>\n<meta property=\"og:image\" content=\"https:\/\/lucia-rapetti.pro\/wp-content\/uploads\/2023\/06\/LR-sito-aquaskin-woman.jpg\" \/>\n\t<meta property=\"og:image:width\" content=\"1200\" \/>\n\t<meta property=\"og:image:height\" content=\"1200\" \/>\n\t<meta property=\"og:image:type\" content=\"image\/jpeg\" \/>\n<meta name=\"author\" content=\"Thierry FOUQUART\" \/>\n<meta name=\"twitter:card\" content=\"summary_large_image\" \/>\n<meta name=\"twitter:label1\" content=\"Scritto da\" \/>\n\t<meta name=\"twitter:data1\" content=\"Thierry FOUQUART\" \/>\n\t<meta name=\"twitter:label2\" content=\"Tempo di lettura stimato\" \/>\n\t<meta name=\"twitter:data2\" content=\"6 minuti\" \/>\n<script type=\"application\/ld+json\" class=\"yoast-schema-graph\">{\"@context\":\"https:\\\/\\\/schema.org\",\"@graph\":[{\"@type\":\"Article\",\"@id\":\"https:\\\/\\\/lucia-rapetti.pro\\\/blog\\\/soin-professionnel-pour-preserver-le-microbiote-cutane-et-le-microbiote-de-la-peau-la-cle-dune-peau-saine-et-durablement-protegee\\\/#article\",\"isPartOf\":{\"@id\":\"https:\\\/\\\/lucia-rapetti.pro\\\/blog\\\/soin-professionnel-pour-preserver-le-microbiote-cutane-et-le-microbiote-de-la-peau-la-cle-dune-peau-saine-et-durablement-protegee\\\/\"},\"author\":{\"name\":\"Thierry FOUQUART\",\"@id\":\"https:\\\/\\\/lucia-rapetti.pro\\\/#\\\/schema\\\/person\\\/998552a7012c90388f667a7c785e867c\"},\"headline\":\"Soin professionnel pour pr\u00e9server le microbiote cutan\u00e9 et le microbiote de la peau : la cl\u00e9 d\u2019une peau saine et durablement prot\u00e9g\u00e9e\",\"datePublished\":\"2025-12-08T15:22:10+00:00\",\"dateModified\":\"2025-12-08T15:34:19+00:00\",\"mainEntityOfPage\":{\"@id\":\"https:\\\/\\\/lucia-rapetti.pro\\\/blog\\\/soin-professionnel-pour-preserver-le-microbiote-cutane-et-le-microbiote-de-la-peau-la-cle-dune-peau-saine-et-durablement-protegee\\\/\"},\"wordCount\":1197,\"publisher\":{\"@id\":\"https:\\\/\\\/lucia-rapetti.pro\\\/#organization\"},\"image\":{\"@id\":\"https:\\\/\\\/lucia-rapetti.pro\\\/blog\\\/soin-professionnel-pour-preserver-le-microbiote-cutane-et-le-microbiote-de-la-peau-la-cle-dune-peau-saine-et-durablement-protegee\\\/#primaryimage\"},\"thumbnailUrl\":\"https:\\\/\\\/lucia-rapetti.pro\\\/wp-content\\\/uploads\\\/2023\\\/06\\\/LR-sito-aquaskin-woman.jpg\",\"keywords\":[\"Clean Beauty\",\"Gammes\",\"Produits\"],\"articleSection\":[\"Beaut\u00e9 Naturelle\",\"microbiote de la peau\"],\"inLanguage\":\"it-IT\"},{\"@type\":\"WebPage\",\"@id\":\"https:\\\/\\\/lucia-rapetti.pro\\\/blog\\\/soin-professionnel-pour-preserver-le-microbiote-cutane-et-le-microbiote-de-la-peau-la-cle-dune-peau-saine-et-durablement-protegee\\\/\",\"url\":\"https:\\\/\\\/lucia-rapetti.pro\\\/blog\\\/soin-professionnel-pour-preserver-le-microbiote-cutane-et-le-microbiote-de-la-peau-la-cle-dune-peau-saine-et-durablement-protegee\\\/\",\"name\":\"Soin professionnel pour pr\u00e9server le microbiote cutan\u00e9 | Lucia Pro\",\"isPartOf\":{\"@id\":\"https:\\\/\\\/lucia-rapetti.pro\\\/#website\"},\"primaryImageOfPage\":{\"@id\":\"https:\\\/\\\/lucia-rapetti.pro\\\/blog\\\/soin-professionnel-pour-preserver-le-microbiote-cutane-et-le-microbiote-de-la-peau-la-cle-dune-peau-saine-et-durablement-protegee\\\/#primaryimage\"},\"image\":{\"@id\":\"https:\\\/\\\/lucia-rapetti.pro\\\/blog\\\/soin-professionnel-pour-preserver-le-microbiote-cutane-et-le-microbiote-de-la-peau-la-cle-dune-peau-saine-et-durablement-protegee\\\/#primaryimage\"},\"thumbnailUrl\":\"https:\\\/\\\/lucia-rapetti.pro\\\/wp-content\\\/uploads\\\/2023\\\/06\\\/LR-sito-aquaskin-woman.jpg\",\"datePublished\":\"2025-12-08T15:22:10+00:00\",\"dateModified\":\"2025-12-08T15:34:19+00:00\",\"description\":\"Soin professionnel pour pr\u00e9server le microbiote de la peau en institut : protection de la barri\u00e8re cutan\u00e9e, anti-\u00e2ge et peaux sensibles.\",\"breadcrumb\":{\"@id\":\"https:\\\/\\\/lucia-rapetti.pro\\\/blog\\\/soin-professionnel-pour-preserver-le-microbiote-cutane-et-le-microbiote-de-la-peau-la-cle-dune-peau-saine-et-durablement-protegee\\\/#breadcrumb\"},\"inLanguage\":\"it-IT\",\"potentialAction\":[{\"@type\":\"ReadAction\",\"target\":[\"https:\\\/\\\/lucia-rapetti.pro\\\/blog\\\/soin-professionnel-pour-preserver-le-microbiote-cutane-et-le-microbiote-de-la-peau-la-cle-dune-peau-saine-et-durablement-protegee\\\/\"]}]},{\"@type\":\"ImageObject\",\"inLanguage\":\"it-IT\",\"@id\":\"https:\\\/\\\/lucia-rapetti.pro\\\/blog\\\/soin-professionnel-pour-preserver-le-microbiote-cutane-et-le-microbiote-de-la-peau-la-cle-dune-peau-saine-et-durablement-protegee\\\/#primaryimage\",\"url\":\"https:\\\/\\\/lucia-rapetti.pro\\\/wp-content\\\/uploads\\\/2023\\\/06\\\/LR-sito-aquaskin-woman.jpg\",\"contentUrl\":\"https:\\\/\\\/lucia-rapetti.pro\\\/wp-content\\\/uploads\\\/2023\\\/06\\\/LR-sito-aquaskin-woman.jpg\",\"width\":1200,\"height\":1200,\"caption\":\"Soin professionnel pour pr\u00e9server le microbiote cutan\u00e9 et le microbiote de la peau\"},{\"@type\":\"BreadcrumbList\",\"@id\":\"https:\\\/\\\/lucia-rapetti.pro\\\/blog\\\/soin-professionnel-pour-preserver-le-microbiote-cutane-et-le-microbiote-de-la-peau-la-cle-dune-peau-saine-et-durablement-protegee\\\/#breadcrumb\",\"itemListElement\":[{\"@type\":\"ListItem\",\"position\":1,\"name\":\"Accueil\",\"item\":\"https:\\\/\\\/lucia-rapetti.pro\\\/\"},{\"@type\":\"ListItem\",\"position\":2,\"name\":\"Soin professionnel pour pr\u00e9server le microbiote cutan\u00e9 et le microbiote de la peau : la cl\u00e9 d\u2019une peau saine et durablement prot\u00e9g\u00e9e\"}]},{\"@type\":\"WebSite\",\"@id\":\"https:\\\/\\\/lucia-rapetti.pro\\\/#website\",\"url\":\"https:\\\/\\\/lucia-rapetti.pro\\\/\",\"name\":\"Lucia Rapetti Laboratoire Naturel pour professionnel\",\"description\":\"Laboratoire de cosm\u00e9tique naturel et beaut\u00e9 pour institut et professionnel\",\"publisher\":{\"@id\":\"https:\\\/\\\/lucia-rapetti.pro\\\/#organization\"},\"alternateName\":\"Lucia Rapetti Pro\",\"potentialAction\":[{\"@type\":\"SearchAction\",\"target\":{\"@type\":\"EntryPoint\",\"urlTemplate\":\"https:\\\/\\\/lucia-rapetti.pro\\\/?s={search_term_string}\"},\"query-input\":{\"@type\":\"PropertyValueSpecification\",\"valueRequired\":true,\"valueName\":\"search_term_string\"}}],\"inLanguage\":\"it-IT\"},{\"@type\":\"Organization\",\"@id\":\"https:\\\/\\\/lucia-rapetti.pro\\\/#organization\",\"name\":\"Lucia Rapetti Laboratoire Naturel\",\"alternateName\":\"LR Pro\",\"url\":\"https:\\\/\\\/lucia-rapetti.pro\\\/\",\"logo\":{\"@type\":\"ImageObject\",\"inLanguage\":\"it-IT\",\"@id\":\"https:\\\/\\\/lucia-rapetti.pro\\\/#\\\/schema\\\/logo\\\/image\\\/\",\"url\":\"https:\\\/\\\/lucia-rapetti.pro\\\/wp-content\\\/uploads\\\/2023\\\/04\\\/cropped-lucia-rapetti-logo-1.png\",\"contentUrl\":\"https:\\\/\\\/lucia-rapetti.pro\\\/wp-content\\\/uploads\\\/2023\\\/04\\\/cropped-lucia-rapetti-logo-1.png\",\"width\":850,\"height\":142,\"caption\":\"Lucia Rapetti Laboratoire Naturel\"},\"image\":{\"@id\":\"https:\\\/\\\/lucia-rapetti.pro\\\/#\\\/schema\\\/logo\\\/image\\\/\"},\"sameAs\":[\"https:\\\/\\\/www.facebook.com\\\/luciarapettiofficial\",\"https:\\\/\\\/www.instagram.com\\\/luciarapettiofficial\\\/\"]},{\"@type\":\"Person\",\"@id\":\"https:\\\/\\\/lucia-rapetti.pro\\\/#\\\/schema\\\/person\\\/998552a7012c90388f667a7c785e867c\",\"name\":\"Thierry FOUQUART\",\"image\":{\"@type\":\"ImageObject\",\"inLanguage\":\"it-IT\",\"@id\":\"https:\\\/\\\/secure.gravatar.com\\\/avatar\\\/27c210af2472b79045a22c67a02dc2e84d697a703065450f2ac9a83e96d5036c?s=96&d=mm&r=g\",\"url\":\"https:\\\/\\\/secure.gravatar.com\\\/avatar\\\/27c210af2472b79045a22c67a02dc2e84d697a703065450f2ac9a83e96d5036c?s=96&d=mm&r=g\",\"contentUrl\":\"https:\\\/\\\/secure.gravatar.com\\\/avatar\\\/27c210af2472b79045a22c67a02dc2e84d697a703065450f2ac9a83e96d5036c?s=96&d=mm&r=g\",\"caption\":\"Thierry FOUQUART\"},\"description\":\"Description du profil\",\"sameAs\":[\"https:\\\/\\\/client.comanddesign.com\"],\"url\":\"https:\\\/\\\/lucia-rapetti.pro\\\/it\\\/blog\\\/author\\\/comanddesign\\\/\"}]}<\/script>\n<!-- \/ Yoast SEO plugin. -->","yoast_head_json":{"title":"Trattamento professionale per preservare il microbiota cutaneo | Lucia Pro","description":"Trattamento professionale per preservare il microbiota della pelle nei saloni di bellezza: protezione della barriera cutanea, anti-et\u00e0 e pelle sensibile.","robots":{"index":"index","follow":"follow","max-snippet":"max-snippet:-1","max-image-preview":"max-image-preview:large","max-video-preview":"max-video-preview:-1"},"canonical":"https:\/\/lucia-rapetti.pro\/it\/blog\/cure-professionali-per-preservare-il-microbiota-cutaneo-la-chiave-per-una-pelle-sana-e-protetta-a-lungo\/","og_locale":"it_IT","og_type":"article","og_title":"Soin professionnel pour pr\u00e9server le microbiote cutan\u00e9 | Lucia Pro","og_description":"Soin professionnel pour pr\u00e9server le microbiote de la peau en institut : protection de la barri\u00e8re cutan\u00e9e, anti-\u00e2ge et peaux sensibles.","og_url":"https:\/\/lucia-rapetti.pro\/it\/blog\/cure-professionali-per-preservare-il-microbiota-cutaneo-la-chiave-per-una-pelle-sana-e-protetta-a-lungo\/","og_site_name":"Lucia Rapetti Laboratoire Naturel","article_publisher":"https:\/\/www.facebook.com\/luciarapettiofficial","article_published_time":"2025-12-08T15:22:10+00:00","article_modified_time":"2025-12-08T15:34:19+00:00","og_image":[{"width":1200,"height":1200,"url":"https:\/\/lucia-rapetti.pro\/wp-content\/uploads\/2023\/06\/LR-sito-aquaskin-woman.jpg","type":"image\/jpeg"}],"author":"Thierry FOUQUART","twitter_card":"summary_large_image","twitter_misc":{"Scritto da":"Thierry FOUQUART","Tempo di lettura stimato":"6 minuti"},"schema":{"@context":"https:\/\/schema.org","@graph":[{"@type":"Article","@id":"https:\/\/lucia-rapetti.pro\/blog\/soin-professionnel-pour-preserver-le-microbiote-cutane-et-le-microbiote-de-la-peau-la-cle-dune-peau-saine-et-durablement-protegee\/#article","isPartOf":{"@id":"https:\/\/lucia-rapetti.pro\/blog\/soin-professionnel-pour-preserver-le-microbiote-cutane-et-le-microbiote-de-la-peau-la-cle-dune-peau-saine-et-durablement-protegee\/"},"author":{"name":"Thierry FOUQUART","@id":"https:\/\/lucia-rapetti.pro\/#\/schema\/person\/998552a7012c90388f667a7c785e867c"},"headline":"Soin professionnel pour pr\u00e9server le microbiote cutan\u00e9 et le microbiote de la peau : la cl\u00e9 d\u2019une peau saine et durablement prot\u00e9g\u00e9e","datePublished":"2025-12-08T15:22:10+00:00","dateModified":"2025-12-08T15:34:19+00:00","mainEntityOfPage":{"@id":"https:\/\/lucia-rapetti.pro\/blog\/soin-professionnel-pour-preserver-le-microbiote-cutane-et-le-microbiote-de-la-peau-la-cle-dune-peau-saine-et-durablement-protegee\/"},"wordCount":1197,"publisher":{"@id":"https:\/\/lucia-rapetti.pro\/#organization"},"image":{"@id":"https:\/\/lucia-rapetti.pro\/blog\/soin-professionnel-pour-preserver-le-microbiote-cutane-et-le-microbiote-de-la-peau-la-cle-dune-peau-saine-et-durablement-protegee\/#primaryimage"},"thumbnailUrl":"https:\/\/lucia-rapetti.pro\/wp-content\/uploads\/2023\/06\/LR-sito-aquaskin-woman.jpg","keywords":["Clean Beauty","Gammes","Produits"],"articleSection":["Beaut\u00e9 Naturelle","microbiote de la peau"],"inLanguage":"it-IT"},{"@type":"WebPage","@id":"https:\/\/lucia-rapetti.pro\/blog\/soin-professionnel-pour-preserver-le-microbiote-cutane-et-le-microbiote-de-la-peau-la-cle-dune-peau-saine-et-durablement-protegee\/","url":"https:\/\/lucia-rapetti.pro\/blog\/soin-professionnel-pour-preserver-le-microbiote-cutane-et-le-microbiote-de-la-peau-la-cle-dune-peau-saine-et-durablement-protegee\/","name":"Trattamento professionale per preservare il microbiota cutaneo | Lucia Pro","isPartOf":{"@id":"https:\/\/lucia-rapetti.pro\/#website"},"primaryImageOfPage":{"@id":"https:\/\/lucia-rapetti.pro\/blog\/soin-professionnel-pour-preserver-le-microbiote-cutane-et-le-microbiote-de-la-peau-la-cle-dune-peau-saine-et-durablement-protegee\/#primaryimage"},"image":{"@id":"https:\/\/lucia-rapetti.pro\/blog\/soin-professionnel-pour-preserver-le-microbiote-cutane-et-le-microbiote-de-la-peau-la-cle-dune-peau-saine-et-durablement-protegee\/#primaryimage"},"thumbnailUrl":"https:\/\/lucia-rapetti.pro\/wp-content\/uploads\/2023\/06\/LR-sito-aquaskin-woman.jpg","datePublished":"2025-12-08T15:22:10+00:00","dateModified":"2025-12-08T15:34:19+00:00","description":"Trattamento professionale per preservare il microbiota della pelle nei saloni di bellezza: protezione della barriera cutanea, anti-et\u00e0 e pelle sensibile.","breadcrumb":{"@id":"https:\/\/lucia-rapetti.pro\/blog\/soin-professionnel-pour-preserver-le-microbiote-cutane-et-le-microbiote-de-la-peau-la-cle-dune-peau-saine-et-durablement-protegee\/#breadcrumb"},"inLanguage":"it-IT","potentialAction":[{"@type":"ReadAction","target":["https:\/\/lucia-rapetti.pro\/blog\/soin-professionnel-pour-preserver-le-microbiote-cutane-et-le-microbiote-de-la-peau-la-cle-dune-peau-saine-et-durablement-protegee\/"]}]},{"@type":"ImageObject","inLanguage":"it-IT","@id":"https:\/\/lucia-rapetti.pro\/blog\/soin-professionnel-pour-preserver-le-microbiote-cutane-et-le-microbiote-de-la-peau-la-cle-dune-peau-saine-et-durablement-protegee\/#primaryimage","url":"https:\/\/lucia-rapetti.pro\/wp-content\/uploads\/2023\/06\/LR-sito-aquaskin-woman.jpg","contentUrl":"https:\/\/lucia-rapetti.pro\/wp-content\/uploads\/2023\/06\/LR-sito-aquaskin-woman.jpg","width":1200,"height":1200,"caption":"Soin professionnel pour pr\u00e9server le microbiote cutan\u00e9 et le microbiote de la peau"},{"@type":"BreadcrumbList","@id":"https:\/\/lucia-rapetti.pro\/blog\/soin-professionnel-pour-preserver-le-microbiote-cutane-et-le-microbiote-de-la-peau-la-cle-dune-peau-saine-et-durablement-protegee\/#breadcrumb","itemListElement":[{"@type":"ListItem","position":1,"name":"Accueil","item":"https:\/\/lucia-rapetti.pro\/"},{"@type":"ListItem","position":2,"name":"Soin professionnel pour pr\u00e9server le microbiote cutan\u00e9 et le microbiote de la peau : la cl\u00e9 d\u2019une peau saine et durablement prot\u00e9g\u00e9e"}]},{"@type":"WebSite","@id":"https:\/\/lucia-rapetti.pro\/#website","url":"https:\/\/lucia-rapetti.pro\/","name":"Lucia Rapetti Laboratorio naturale per professionisti","description":"Laboratorio di cosmesi naturale e di bellezza per istituti e professionisti","publisher":{"@id":"https:\/\/lucia-rapetti.pro\/#organization"},"alternateName":"Lucia Rapetti Pro","potentialAction":[{"@type":"SearchAction","target":{"@type":"EntryPoint","urlTemplate":"https:\/\/lucia-rapetti.pro\/?s={search_term_string}"},"query-input":{"@type":"PropertyValueSpecification","valueRequired":true,"valueName":"search_term_string"}}],"inLanguage":"it-IT"},{"@type":"Organization","@id":"https:\/\/lucia-rapetti.pro\/#organization","name":"Lucia Rapetti Laboratoire Naturel","alternateName":"LR Pro","url":"https:\/\/lucia-rapetti.pro\/","logo":{"@type":"ImageObject","inLanguage":"it-IT","@id":"https:\/\/lucia-rapetti.pro\/#\/schema\/logo\/image\/","url":"https:\/\/lucia-rapetti.pro\/wp-content\/uploads\/2023\/04\/cropped-lucia-rapetti-logo-1.png","contentUrl":"https:\/\/lucia-rapetti.pro\/wp-content\/uploads\/2023\/04\/cropped-lucia-rapetti-logo-1.png","width":850,"height":142,"caption":"Lucia Rapetti Laboratoire Naturel"},"image":{"@id":"https:\/\/lucia-rapetti.pro\/#\/schema\/logo\/image\/"},"sameAs":["https:\/\/www.facebook.com\/luciarapettiofficial","https:\/\/www.instagram.com\/luciarapettiofficial\/"]},{"@type":"Person","@id":"https:\/\/lucia-rapetti.pro\/#\/schema\/person\/998552a7012c90388f667a7c785e867c","name":"Thierry FOUQUART","image":{"@type":"ImageObject","inLanguage":"it-IT","@id":"https:\/\/secure.gravatar.com\/avatar\/27c210af2472b79045a22c67a02dc2e84d697a703065450f2ac9a83e96d5036c?s=96&d=mm&r=g","url":"https:\/\/secure.gravatar.com\/avatar\/27c210af2472b79045a22c67a02dc2e84d697a703065450f2ac9a83e96d5036c?s=96&d=mm&r=g","contentUrl":"https:\/\/secure.gravatar.com\/avatar\/27c210af2472b79045a22c67a02dc2e84d697a703065450f2ac9a83e96d5036c?s=96&d=mm&r=g","caption":"Thierry FOUQUART"},"description":"Descrizione del profilo","sameAs":["https:\/\/client.comanddesign.com"],"url":"https:\/\/lucia-rapetti.pro\/it\/blog\/author\/comanddesign\/"}]}},"_links":{"self":[{"href":"https:\/\/lucia-rapetti.pro\/it\/wp-json\/wp\/v2\/posts\/6818","targetHints":{"allow":["GET"]}}],"collection":[{"href":"https:\/\/lucia-rapetti.pro\/it\/wp-json\/wp\/v2\/posts"}],"about":[{"href":"https:\/\/lucia-rapetti.pro\/it\/wp-json\/wp\/v2\/types\/post"}],"author":[{"embeddable":true,"href":"https:\/\/lucia-rapetti.pro\/it\/wp-json\/wp\/v2\/users\/1"}],"replies":[{"embeddable":true,"href":"https:\/\/lucia-rapetti.pro\/it\/wp-json\/wp\/v2\/comments?post=6818"}],"version-history":[{"count":11,"href":"https:\/\/lucia-rapetti.pro\/it\/wp-json\/wp\/v2\/posts\/6818\/revisions"}],"predecessor-version":[{"id":6830,"href":"https:\/\/lucia-rapetti.pro\/it\/wp-json\/wp\/v2\/posts\/6818\/revisions\/6830"}],"wp:featuredmedia":[{"embeddable":true,"href":"https:\/\/lucia-rapetti.pro\/it\/wp-json\/wp\/v2\/media\/1068"}],"wp:attachment":[{"href":"https:\/\/lucia-rapetti.pro\/it\/wp-json\/wp\/v2\/media?parent=6818"}],"wp:term":[{"taxonomy":"category","embeddable":true,"href":"https:\/\/lucia-rapetti.pro\/it\/wp-json\/wp\/v2\/categories?post=6818"},{"taxonomy":"post_tag","embeddable":true,"href":"https:\/\/lucia-rapetti.pro\/it\/wp-json\/wp\/v2\/tags?post=6818"}],"curies":[{"name":"wp","href":"https:\/\/api.w.org\/{rel}","templated":true}]}}