{"id":6796,"date":"2025-12-08T15:27:28","date_gmt":"2025-12-08T14:27:28","guid":{"rendered":"https:\/\/lucia-rapetti.pro\/?p=6796"},"modified":"2025-12-08T16:05:10","modified_gmt":"2025-12-08T15:05:10","slug":"la-cura-del-viso-con-il-microbiota-e-il-nuovo-pilastro-dei-protocolli-degli-istituti-professionali","status":"publish","type":"post","link":"https:\/\/lucia-rapetti.pro\/it\/blog\/la-cura-del-viso-con-il-microbiota-e-il-nuovo-pilastro-dei-protocolli-degli-istituti-professionali\/","title":{"rendered":"La cura del viso con il microbiota: il nuovo pilastro dei protocolli dei saloni di bellezza professionali"},"content":{"rendered":"\t\t<div data-elementor-type=\"wp-post\" data-elementor-id=\"6796\" class=\"elementor elementor-6796\" data-elementor-post-type=\"post\">\n\t\t\t\t<div class=\"elementor-element elementor-element-3b63b5bb e-flex e-con-boxed e-con e-parent\" data-id=\"3b63b5bb\" data-element_type=\"container\" data-e-type=\"container\">\n\t\t\t\t\t<div class=\"e-con-inner\">\n\t\t\t\t<div class=\"elementor-element elementor-element-15ff9d60 elementor-widget elementor-widget-text-editor\" data-id=\"15ff9d60\" data-element_type=\"widget\" data-e-type=\"widget\" data-widget_type=\"text-editor.default\">\n\t\t\t\t<div class=\"elementor-widget-container\">\n\t\t\t\t\t\t\t\t\t<p data-start=\"395\" data-end=\"904\">Longtemps r\u00e9serv\u00e9 au vocabulaire scientifique, le <a href=\"https:\/\/lucia-rapetti.com\/microbiote-de-la-peau-cutane\/\"><strong data-start=\"445\" data-end=\"466\">microbiote cutan\u00e9<\/strong><\/a> est aujourd\u2019hui au c\u0153ur des protocoles de soins les plus performants en institut. V\u00e9ritable \u00e9cosyst\u00e8me vivant, il joue un r\u00f4le fondamental dans l\u2019\u00e9quilibre, la jeunesse et la r\u00e9sistance de la peau. Pour les <strong data-start=\"674\" data-end=\"692\">esth\u00e9ticiennes<\/strong> et les <strong data-start=\"700\" data-end=\"713\">instituts<\/strong>, le <strong data-start=\"718\" data-end=\"744\">soin microbiote visage<\/strong> devient un levier incontournable pour proposer des r\u00e9sultats visibles, durables et mesurables, notamment en anti-\u00e2ge, peaux sensibles et imperfections adultes.<\/p><p data-start=\"395\" data-end=\"904\">Notre laboratoire de <a href=\"https:\/\/lucia-rapetti.pro\/\">produit cosm\u00e9tique professionnel<\/a> vous explique les protocoles professionnels en institut.<\/p><hr data-start=\"906\" data-end=\"909\" \/><h2 data-start=\"911\" data-end=\"960\">\u00a0<\/h2><h2 data-start=\"911\" data-end=\"960\">Qu\u2019est-ce que le microbiote cutan\u00e9 du visage ?<\/h2><p data-start=\"962\" data-end=\"1233\">Le <strong data-start=\"965\" data-end=\"986\">microbiote cutan\u00e9<\/strong> d\u00e9signe l\u2019ensemble des micro-organismes naturellement pr\u00e9sents \u00e0 la surface de la peau : bact\u00e9ries, levures et microflores protectrices. Contrairement aux id\u00e9es re\u00e7ues, ces micro-organismes sont <strong data-start=\"1182\" data-end=\"1217\">essentiels \u00e0 la sant\u00e9 du visage<\/strong>. Ils assurent :<\/p><ul data-start=\"1235\" data-end=\"1388\"><li data-start=\"1235\" data-end=\"1285\"><p data-start=\"1237\" data-end=\"1285\">la protection contre les agressions ext\u00e9rieures,<\/p><\/li><li data-start=\"1286\" data-end=\"1308\"><p data-start=\"1288\" data-end=\"1308\">la r\u00e9gulation du pH,<\/p><\/li><li data-start=\"1309\" data-end=\"1343\"><p data-start=\"1311\" data-end=\"1343\">la limitation des inflammations,<\/p><\/li><li data-start=\"1344\" data-end=\"1388\"><p data-start=\"1346\" data-end=\"1388\">la pr\u00e9vention du vieillissement pr\u00e9matur\u00e9.<\/p><\/li><\/ul><p data-start=\"1390\" data-end=\"1611\">On parle souvent de <strong data-start=\"1410\" data-end=\"1424\">microbiome<\/strong> pour d\u00e9signer l\u2019environnement global, et de <strong data-start=\"1469\" data-end=\"1483\">microbiote<\/strong> pour les micro-organismes eux-m\u00eames. En pratique cabine, c\u2019est bien le <strong data-start=\"1555\" data-end=\"1579\">microbiote du visage<\/strong> que le soin vient r\u00e9\u00e9quilibrer.<\/p><hr data-start=\"1613\" data-end=\"1616\" \/><h2 data-start=\"1618\" data-end=\"1683\">\u00a0<\/h2><h2 data-start=\"1618\" data-end=\"1683\">Pourquoi le microbiote est essentiel pour la sant\u00e9 du visage ?<\/h2><h3 data-start=\"1685\" data-end=\"1731\">Immunit\u00e9 cutan\u00e9e et protection naturelle<\/h3><p data-start=\"1732\" data-end=\"1881\">Un microbiote \u00e9quilibr\u00e9 agit comme une <strong data-start=\"1771\" data-end=\"1802\">barri\u00e8re biologique vivante<\/strong>, emp\u00eachant la prolif\u00e9ration de mauvaises bact\u00e9ries et limitant les infections.<\/p><h3 data-start=\"1883\" data-end=\"1909\">Hydratation et \u00e9clat<\/h3><p data-start=\"1910\" data-end=\"2038\">Il participe directement \u00e0 la <strong data-start=\"1940\" data-end=\"1969\">bonne coh\u00e9sion cellulaire<\/strong>, favorisant une meilleure r\u00e9tention d\u2019eau et un teint plus lumineux.<\/p><h3 data-start=\"2040\" data-end=\"2076\">Vieillissement cutan\u00e9 et rides<\/h3><p data-start=\"2077\" data-end=\"2215\">Un microbiote fragilis\u00e9 entra\u00eene une <strong data-start=\"2114\" data-end=\"2153\">inflammation chronique de bas grade<\/strong>, responsable de la d\u00e9gradation du collag\u00e8ne et de l\u2019\u00e9lastine.<\/p><h3 data-start=\"2217\" data-end=\"2261\">Sensibilit\u00e9, rougeurs et imperfections<\/h3><p data-start=\"2262\" data-end=\"2373\">Rosac\u00e9e, acn\u00e9 adulte, s\u00e9cheresse extr\u00eame\u2026 Ces d\u00e9s\u00e9quilibres sont tr\u00e8s souvent li\u00e9s \u00e0 une flore cutan\u00e9e alt\u00e9r\u00e9e.<\/p><hr data-start=\"2375\" data-end=\"2378\" \/><h2 data-start=\"2380\" data-end=\"2440\">\u00a0<\/h2><h2 data-start=\"2380\" data-end=\"2440\">Microbiote d\u00e9s\u00e9quilibr\u00e9 : les signes visibles sur la peau<\/h2><p data-start=\"2442\" data-end=\"2510\">En cabine, un microbiote d\u00e9s\u00e9quilibr\u00e9 se manifeste fr\u00e9quemment par :<\/p><ul data-start=\"2512\" data-end=\"2655\"><li data-start=\"2512\" data-end=\"2540\"><p data-start=\"2514\" data-end=\"2540\">tiraillements persistants,<\/p><\/li><li data-start=\"2541\" data-end=\"2560\"><p data-start=\"2543\" data-end=\"2560\">hypersensibilit\u00e9,<\/p><\/li><li data-start=\"2561\" data-end=\"2581\"><p data-start=\"2563\" data-end=\"2581\">rougeurs diffuses,<\/p><\/li><li data-start=\"2582\" data-end=\"2613\"><p data-start=\"2584\" data-end=\"2613\">imperfections inflammatoires,<\/p><\/li><li data-start=\"2614\" data-end=\"2628\"><p data-start=\"2616\" data-end=\"2628\">teint terne,<\/p><\/li><li data-start=\"2629\" data-end=\"2655\"><p data-start=\"2631\" data-end=\"2655\">vieillissement acc\u00e9l\u00e9r\u00e9.<\/p><\/li><\/ul><p data-start=\"2657\" data-end=\"2686\">Les causes principales sont :<\/p><ul data-start=\"2687\" data-end=\"2837\"><li data-start=\"2687\" data-end=\"2715\"><p data-start=\"2689\" data-end=\"2715\">nettoyages trop agressifs,<\/p><\/li><li data-start=\"2716\" data-end=\"2748\"><p data-start=\"2718\" data-end=\"2748\">sursollicitation des peelings,<\/p><\/li><li data-start=\"2749\" data-end=\"2775\"><p data-start=\"2751\" data-end=\"2775\">exposition UV excessive,<\/p><\/li><li data-start=\"2776\" data-end=\"2785\"><p data-start=\"2778\" data-end=\"2785\">stress,<\/p><\/li><li data-start=\"2786\" data-end=\"2812\"><p data-start=\"2788\" data-end=\"2812\">d\u00e9s\u00e9quilibres hormonaux,<\/p><\/li><li data-start=\"2813\" data-end=\"2837\"><p data-start=\"2815\" data-end=\"2837\">cosm\u00e9tiques inadapt\u00e9s.<\/p><\/li><\/ul><hr data-start=\"2839\" data-end=\"2842\" \/><h2 data-start=\"2844\" data-end=\"2887\">\u00a0<\/h2><h2 data-start=\"2844\" data-end=\"2887\">Qu\u2019est-ce qu\u2019un soin microbiote visage ?<\/h2><p data-start=\"2889\" data-end=\"3028\">Un <strong data-start=\"2892\" data-end=\"2918\">soin microbiote visage<\/strong> est un protocole formul\u00e9 pour <strong data-start=\"2949\" data-end=\"3001\">respecter, nourrir et restaurer la flore cutan\u00e9e<\/strong>. Il agit \u00e0 trois niveaux :<\/p><h3 data-start=\"3030\" data-end=\"3048\">Pr\u00e9biotiques<\/h3><p data-start=\"3049\" data-end=\"3113\">Ils nourrissent les bonnes bact\u00e9ries d\u00e9j\u00e0 pr\u00e9sentes sur la peau.<\/p><h3 data-start=\"3115\" data-end=\"3133\">Probiotiques<\/h3><p data-start=\"3134\" data-end=\"3207\">Ils renforcent la diversit\u00e9 microbienne et am\u00e9liorent l\u2019immunit\u00e9 cutan\u00e9e.<\/p><h3 data-start=\"3209\" data-end=\"3228\">Postbiotiques<\/h3><p data-start=\"3229\" data-end=\"3289\">Ils r\u00e9parent la barri\u00e8re cutan\u00e9e et limitent l\u2019inflammation.<\/p><p data-start=\"3291\" data-end=\"3399\">Ce trio d\u2019actifs constitue aujourd\u2019hui la base des <strong data-start=\"3342\" data-end=\"3398\">soins microbiote professionnels les plus performants<\/strong>.<\/p><hr data-start=\"3401\" data-end=\"3404\" \/><h2 data-start=\"3406\" data-end=\"3470\">\u00a0<\/h2><h2 data-start=\"3406\" data-end=\"3470\">Pourquoi un soin microbiote professionnel est plus efficace ?<\/h2><p data-start=\"3472\" data-end=\"3554\">C\u2019est ici que <strong data-start=\"3486\" data-end=\"3525\">l\u2019institut fait toute la diff\u00e9rence<\/strong> face aux soins grand public.<\/p><p data-start=\"3556\" data-end=\"3648\">Un <strong data-start=\"3559\" data-end=\"3599\">soin microbiote visage professionnel<\/strong>, tel que con\u00e7u pour les esth\u00e9ticiennes, permet :<\/p><ul data-start=\"3650\" data-end=\"3966\"><li data-start=\"3650\" data-end=\"3701\"><p data-start=\"3652\" data-end=\"3701\"><img decoding=\"async\" class=\"emoji\" role=\"img\" draggable=\"false\" src=\"https:\/\/s.w.org\/images\/core\/emoji\/17.0.2\/svg\/2705.svg\" alt=\"\u2705\" \/> une <strong data-start=\"3658\" data-end=\"3700\">concentration d\u2019actifs bien sup\u00e9rieure<\/strong>,<\/p><\/li><li data-start=\"3702\" data-end=\"3756\"><p data-start=\"3704\" data-end=\"3756\"><img decoding=\"async\" class=\"emoji\" role=\"img\" draggable=\"false\" src=\"https:\/\/s.w.org\/images\/core\/emoji\/17.0.2\/svg\/2705.svg\" alt=\"\u2705\" \/> un <strong data-start=\"3709\" data-end=\"3755\">diagnostic pr\u00e9cis du microbiote de la peau<\/strong>,<\/p><\/li><li data-start=\"3757\" data-end=\"3799\"><p data-start=\"3759\" data-end=\"3799\"><img decoding=\"async\" class=\"emoji\" role=\"img\" draggable=\"false\" src=\"https:\/\/s.w.org\/images\/core\/emoji\/17.0.2\/svg\/2705.svg\" alt=\"\u2705\" \/> une <strong data-start=\"3765\" data-end=\"3798\">personnalisation du protocole<\/strong>,<\/p><\/li><li data-start=\"3800\" data-end=\"3892\"><p data-start=\"3802\" data-end=\"3892\"><img decoding=\"async\" class=\"emoji\" role=\"img\" draggable=\"false\" src=\"https:\/\/s.w.org\/images\/core\/emoji\/17.0.2\/svg\/2705.svg\" alt=\"\u2705\" \/> l\u2019association avec des <strong data-start=\"3827\" data-end=\"3852\">appareils esth\u00e9tiques<\/strong> (LED, ultrasons, radiofr\u00e9quence douce),<\/p><\/li><li data-start=\"3893\" data-end=\"3966\"><p data-start=\"3895\" data-end=\"3966\"><img decoding=\"async\" class=\"emoji\" role=\"img\" draggable=\"false\" src=\"https:\/\/s.w.org\/images\/core\/emoji\/17.0.2\/svg\/2705.svg\" alt=\"\u2705\" \/> une <strong data-start=\"3901\" data-end=\"3965\">action en profondeur sur l\u2019inflammation et le vieillissement<\/strong>.<\/p><\/li><\/ul><p data-start=\"3968\" data-end=\"4067\">Le soin microbiote devient alors un <strong data-start=\"4004\" data-end=\"4032\">v\u00e9ritable soin correctif<\/strong>, et non plus uniquement pr\u00e9ventif.<\/p><hr data-start=\"4069\" data-end=\"4072\" \/><h2 data-start=\"4074\" data-end=\"4129\">\u00a0<\/h2><h2 data-start=\"4074\" data-end=\"4129\">Microbiote et anti-\u00e2ge : un lien scientifique majeur<\/h2><p data-start=\"4131\" data-end=\"4162\">Un microbiote alt\u00e9r\u00e9 favorise :<\/p><ul data-start=\"4164\" data-end=\"4299\"><li data-start=\"4164\" data-end=\"4203\"><p data-start=\"4166\" data-end=\"4203\">la glycation des fibres de collag\u00e8ne,<\/p><\/li><li data-start=\"4204\" data-end=\"4226\"><p data-start=\"4206\" data-end=\"4226\">la perte de fermet\u00e9,<\/p><\/li><li data-start=\"4227\" data-end=\"4251\"><p data-start=\"4229\" data-end=\"4251\">les rides pr\u00e9matur\u00e9es,<\/p><\/li><li data-start=\"4252\" data-end=\"4271\"><p data-start=\"4254\" data-end=\"4271\">la perte d\u2019\u00e9clat,<\/p><\/li><li data-start=\"4272\" data-end=\"4299\"><p data-start=\"4274\" data-end=\"4299\">la sensibilit\u00e9 chronique.<\/p><\/li><\/ul><p data-start=\"4301\" data-end=\"4393\">Un <strong data-start=\"4304\" data-end=\"4379\">soin microbiote visage int\u00e9gr\u00e9 dans un protocole anti-\u00e2ge professionnel<\/strong> permet donc :<\/p><ul data-start=\"4395\" data-end=\"4579\"><li data-start=\"4395\" data-end=\"4435\"><p data-start=\"4397\" data-end=\"4435\">de restaurer les fonctions de d\u00e9fense,<\/p><\/li><li data-start=\"4436\" data-end=\"4488\"><p data-start=\"4438\" data-end=\"4488\">de stimuler les m\u00e9canismes naturels de r\u00e9paration,<\/p><\/li><li data-start=\"4489\" data-end=\"4534\"><p data-start=\"4491\" data-end=\"4534\">d\u2019am\u00e9liorer visiblement la qualit\u00e9 de peau,<\/p><\/li><li data-start=\"4535\" data-end=\"4579\"><p data-start=\"4537\" data-end=\"4579\">d\u2019obtenir des <strong data-start=\"4551\" data-end=\"4578\">r\u00e9sultats plus durables<\/strong>.<\/p><\/li><\/ul><hr data-start=\"4581\" data-end=\"4584\" \/><h2 data-start=\"4586\" data-end=\"4652\">\u00a0<\/h2><h2 data-start=\"4586\" data-end=\"4652\">Quelle routine id\u00e9ale pour pr\u00e9server son microbiote du visage ?<\/h2><h3 data-start=\"4654\" data-end=\"4669\">En cabine<\/h3><ul data-start=\"4670\" data-end=\"4817\"><li data-start=\"4670\" data-end=\"4721\"><p data-start=\"4672\" data-end=\"4721\">nettoyage ultra-doux sans tensioactifs agressifs,<\/p><\/li><li data-start=\"4722\" data-end=\"4751\"><p data-start=\"4724\" data-end=\"4751\">s\u00e9rums pr\u00e9 et probiotiques,<\/p><\/li><li data-start=\"4752\" data-end=\"4785\"><p data-start=\"4754\" data-end=\"4785\">masque r\u00e9parateur postbiotique,<\/p><\/li><li data-start=\"4786\" data-end=\"4817\"><p data-start=\"4788\" data-end=\"4817\">stimulation cellulaire douce.<\/p><\/li><\/ul><h3 data-start=\"4819\" data-end=\"4835\">\u00c0 domicile<\/h3><ul data-start=\"4836\" data-end=\"4972\"><li data-start=\"4836\" data-end=\"4866\"><p data-start=\"4838\" data-end=\"4866\">nettoyant respectueux du pH,<\/p><\/li><li data-start=\"4867\" data-end=\"4900\"><p data-start=\"4869\" data-end=\"4900\">s\u00e9rum microbiote matin et soir,<\/p><\/li><li data-start=\"4901\" data-end=\"4930\"><p data-start=\"4903\" data-end=\"4930\">cr\u00e8me barri\u00e8re protectrice,<\/p><\/li><li data-start=\"4931\" data-end=\"4972\"><p data-start=\"4933\" data-end=\"4972\">\u00e9viction des exfoliants trop fr\u00e9quents.<\/p><\/li><\/ul><hr data-start=\"4974\" data-end=\"4977\" \/><h2 data-start=\"4979\" data-end=\"5048\">\u00a0<\/h2><h2 data-start=\"4979\" data-end=\"5048\">Pour quels types de peau un soin microbiote est-il indispensable ?<\/h2><p data-start=\"5050\" data-end=\"5114\">Le soin microbiote visage est particuli\u00e8rement recommand\u00e9 pour :<\/p><ul data-start=\"5116\" data-end=\"5285\"><li data-start=\"5116\" data-end=\"5149\"><p data-start=\"5118\" data-end=\"5149\"><img decoding=\"async\" class=\"emoji\" role=\"img\" draggable=\"false\" src=\"https:\/\/s.w.org\/images\/core\/emoji\/17.0.2\/svg\/2705.svg\" alt=\"\u2705\" \/> peaux sensibles et r\u00e9actives,<\/p><\/li><li data-start=\"5150\" data-end=\"5162\"><p data-start=\"5152\" data-end=\"5162\"><img decoding=\"async\" class=\"emoji\" role=\"img\" draggable=\"false\" src=\"https:\/\/s.w.org\/images\/core\/emoji\/17.0.2\/svg\/2705.svg\" alt=\"\u2705\" \/> rosac\u00e9e,<\/p><\/li><li data-start=\"5163\" data-end=\"5179\"><p data-start=\"5165\" data-end=\"5179\"><img decoding=\"async\" class=\"emoji\" role=\"img\" draggable=\"false\" src=\"https:\/\/s.w.org\/images\/core\/emoji\/17.0.2\/svg\/2705.svg\" alt=\"\u2705\" \/> acn\u00e9 adulte,<\/p><\/li><li data-start=\"5180\" data-end=\"5203\"><p data-start=\"5182\" data-end=\"5203\"><img decoding=\"async\" class=\"emoji\" role=\"img\" draggable=\"false\" src=\"https:\/\/s.w.org\/images\/core\/emoji\/17.0.2\/svg\/2705.svg\" alt=\"\u2705\" \/> peaux post-peeling,<\/p><\/li><li data-start=\"5204\" data-end=\"5222\"><p data-start=\"5206\" data-end=\"5222\"><img decoding=\"async\" class=\"emoji\" role=\"img\" draggable=\"false\" src=\"https:\/\/s.w.org\/images\/core\/emoji\/17.0.2\/svg\/2705.svg\" alt=\"\u2705\" \/> peaux matures,<\/p><\/li><li data-start=\"5223\" data-end=\"5251\"><p data-start=\"5225\" data-end=\"5251\"><img decoding=\"async\" class=\"emoji\" role=\"img\" draggable=\"false\" src=\"https:\/\/s.w.org\/images\/core\/emoji\/17.0.2\/svg\/2705.svg\" alt=\"\u2705\" \/> d\u00e9s\u00e9quilibres hormonaux,<\/p><\/li><li data-start=\"5252\" data-end=\"5285\"><p data-start=\"5254\" data-end=\"5285\"><img decoding=\"async\" class=\"emoji\" role=\"img\" draggable=\"false\" src=\"https:\/\/s.w.org\/images\/core\/emoji\/17.0.2\/svg\/2705.svg\" alt=\"\u2705\" \/> post-traitements esth\u00e9tiques.<\/p><\/li><\/ul><hr data-start=\"5287\" data-end=\"5290\" \/><h2 data-start=\"5292\" data-end=\"5368\">\u00a0<\/h2><h2 data-start=\"5292\" data-end=\"5368\">Lucia Rapetti Pro : l\u2019expertise professionnelle du soin microbiote visage<\/h2><p data-start=\"5370\" data-end=\"5495\">Lucia Rapetti Pro d\u00e9veloppe des <strong data-start=\"5402\" data-end=\"5482\">soins microbiote visage exclusivement d\u00e9di\u00e9s aux instituts et esth\u00e9ticiennes<\/strong>, combinant :<\/p><ul data-start=\"5497\" data-end=\"5646\"><li data-start=\"5497\" data-end=\"5520\"><p data-start=\"5499\" data-end=\"5520\">performance anti-\u00e2ge,<\/p><\/li><li data-start=\"5521\" data-end=\"5553\"><p data-start=\"5523\" data-end=\"5553\">respect biologique de la peau,<\/p><\/li><li data-start=\"5554\" data-end=\"5578\"><p data-start=\"5556\" data-end=\"5578\">innovation cosm\u00e9tique,<\/p><\/li><li data-start=\"5579\" data-end=\"5614\"><p data-start=\"5581\" data-end=\"5614\">formules clean hautement actives,<\/p><\/li><li data-start=\"5615\" data-end=\"5646\"><p data-start=\"5617\" data-end=\"5646\">protocoles cabine structur\u00e9s.<\/p><\/li><\/ul><p data-start=\"5648\" data-end=\"5798\">Chaque soin est pens\u00e9 comme un <strong data-start=\"5679\" data-end=\"5717\">v\u00e9ritable traitement professionnel<\/strong>, avec formation, accompagnement et r\u00e9sultats visibles d\u00e8s les premi\u00e8res s\u00e9ances.<\/p>\t\t\t\t\t\t\t\t<\/div>\n\t\t\t\t<\/div>\n\t\t\t\t\t<\/div>\n\t\t\t\t<\/div>\n\t\t<div class=\"elementor-element elementor-element-b4a7f1e e-flex e-con-boxed e-con e-parent\" data-id=\"b4a7f1e\" data-element_type=\"container\" data-e-type=\"container\">\n\t\t\t\t\t<div class=\"e-con-inner\">\n\t\t\t\t<div class=\"elementor-element elementor-element-9fd4afe elementor-widget elementor-widget-heading\" data-id=\"9fd4afe\" data-element_type=\"widget\" data-e-type=\"widget\" data-widget_type=\"heading.default\">\n\t\t\t\t<div class=\"elementor-widget-container\">\n\t\t\t\t\t<h2 class=\"elementor-heading-title elementor-size-default\">FAQ \u2013 Soin microbiote visage<\/h2>\t\t\t\t<\/div>\n\t\t\t\t<\/div>\n\t\t\t\t<div class=\"elementor-element elementor-element-c4c58de elementor-widget elementor-widget-n-accordion\" data-id=\"c4c58de\" data-element_type=\"widget\" data-e-type=\"widget\" data-settings=\"{&quot;default_state&quot;:&quot;expanded&quot;,&quot;max_items_expended&quot;:&quot;one&quot;,&quot;n_accordion_animation_duration&quot;:{&quot;unit&quot;:&quot;ms&quot;,&quot;size&quot;:400,&quot;sizes&quot;:[]}}\" data-widget_type=\"nested-accordion.default\">\n\t\t\t\t<div class=\"elementor-widget-container\">\n\t\t\t\t\t\t\t<div class=\"e-n-accordion\" aria-label=\"Accordion. Open links with Enter or Space, close with Escape, and navigate with Arrow Keys\">\n\t\t\t\t\t\t<details id=\"e-n-accordion-item-2060\" class=\"e-n-accordion-item\" open>\n\t\t\t\t<summary class=\"e-n-accordion-item-title\" data-accordion-index=\"1\" tabindex=\"0\" aria-expanded=\"true\" aria-controls=\"e-n-accordion-item-2060\" >\n\t\t\t\t\t<span class='e-n-accordion-item-title-header'><div class=\"e-n-accordion-item-title-text\"> \u00c0 partir de quel \u00e2ge faire un soin microbiote visage ? <\/div><\/span>\n\t\t\t\t\t\t\t<span class='e-n-accordion-item-title-icon'>\n\t\t\t<span class='e-opened' ><svg aria-hidden=\"true\" class=\"e-font-icon-svg e-fas-minus\" viewBox=\"0 0 448 512\" xmlns=\"http:\/\/www.w3.org\/2000\/svg\"><path d=\"M416 208H32c-17.67 0-32 14.33-32 32v32c0 17.67 14.33 32 32 32h384c17.67 0 32-14.33 32-32v-32c0-17.67-14.33-32-32-32z\"><\/path><\/svg><\/span>\n\t\t\t<span class='e-closed'><svg aria-hidden=\"true\" class=\"e-font-icon-svg e-fas-plus\" viewBox=\"0 0 448 512\" xmlns=\"http:\/\/www.w3.org\/2000\/svg\"><path d=\"M416 208H272V64c0-17.67-14.33-32-32-32h-32c-17.67 0-32 14.33-32 32v144H32c-17.67 0-32 14.33-32 32v32c0 17.67 14.33 32 32 32h144v144c0 17.67 14.33 32 32 32h32c17.67 0 32-14.33 32-32V304h144c17.67 0 32-14.33 32-32v-32c0-17.67-14.33-32-32-32z\"><\/path><\/svg><\/span>\n\t\t<\/span>\n\n\t\t\t\t\t\t<\/summary>\n\t\t\t\t<div role=\"region\" aria-labelledby=\"e-n-accordion-item-2060\" class=\"elementor-element elementor-element-2ab91cc e-con-full e-flex e-con e-child\" data-id=\"2ab91cc\" data-element_type=\"container\" data-e-type=\"container\">\n\t\t<div role=\"region\" aria-labelledby=\"e-n-accordion-item-2060\" class=\"elementor-element elementor-element-fd1c2f5 e-flex e-con-boxed e-con e-child\" data-id=\"fd1c2f5\" data-element_type=\"container\" data-e-type=\"container\">\n\t\t\t\t\t<div class=\"e-con-inner\">\n\t\t\t\t<div class=\"elementor-element elementor-element-0c5e0bc elementor-widget elementor-widget-text-editor\" data-id=\"0c5e0bc\" data-element_type=\"widget\" data-e-type=\"widget\" data-widget_type=\"text-editor.default\">\n\t\t\t\t<div class=\"elementor-widget-container\">\n\t\t\t\t\t\t\t\t\t<p>D\u00e8s l\u2019adolescence pour les peaux \u00e0 imperfections, et \u00e0 partir de 30 ans en pr\u00e9vention anti-\u00e2ge.<\/p>\t\t\t\t\t\t\t\t<\/div>\n\t\t\t\t<\/div>\n\t\t\t\t\t<\/div>\n\t\t\t\t<\/div>\n\t\t\t\t<\/div>\n\t\t\t\t\t<\/details>\n\t\t\t\t\t\t<details id=\"e-n-accordion-item-2061\" class=\"e-n-accordion-item\" >\n\t\t\t\t<summary class=\"e-n-accordion-item-title\" data-accordion-index=\"2\" tabindex=\"-1\" aria-expanded=\"false\" aria-controls=\"e-n-accordion-item-2061\" >\n\t\t\t\t\t<span class='e-n-accordion-item-title-header'><div class=\"e-n-accordion-item-title-text\"> Combien de s\u00e9ances faut-il pour voir un r\u00e9sultat ? <\/div><\/span>\n\t\t\t\t\t\t\t<span class='e-n-accordion-item-title-icon'>\n\t\t\t<span class='e-opened' ><svg aria-hidden=\"true\" class=\"e-font-icon-svg e-fas-minus\" viewBox=\"0 0 448 512\" xmlns=\"http:\/\/www.w3.org\/2000\/svg\"><path d=\"M416 208H32c-17.67 0-32 14.33-32 32v32c0 17.67 14.33 32 32 32h384c17.67 0 32-14.33 32-32v-32c0-17.67-14.33-32-32-32z\"><\/path><\/svg><\/span>\n\t\t\t<span class='e-closed'><svg aria-hidden=\"true\" class=\"e-font-icon-svg e-fas-plus\" viewBox=\"0 0 448 512\" xmlns=\"http:\/\/www.w3.org\/2000\/svg\"><path d=\"M416 208H272V64c0-17.67-14.33-32-32-32h-32c-17.67 0-32 14.33-32 32v144H32c-17.67 0-32 14.33-32 32v32c0 17.67 14.33 32 32 32h144v144c0 17.67 14.33 32 32 32h32c17.67 0 32-14.33 32-32V304h144c17.67 0 32-14.33 32-32v-32c0-17.67-14.33-32-32-32z\"><\/path><\/svg><\/span>\n\t\t<\/span>\n\n\t\t\t\t\t\t<\/summary>\n\t\t\t\t<div role=\"region\" aria-labelledby=\"e-n-accordion-item-2061\" class=\"elementor-element elementor-element-11c869f e-con-full e-flex e-con e-child\" data-id=\"11c869f\" data-element_type=\"container\" data-e-type=\"container\">\n\t\t<div role=\"region\" aria-labelledby=\"e-n-accordion-item-2061\" class=\"elementor-element elementor-element-6e0a528 e-flex e-con-boxed e-con e-child\" data-id=\"6e0a528\" data-element_type=\"container\" data-e-type=\"container\">\n\t\t\t\t\t<div class=\"e-con-inner\">\n\t\t\t\t<div class=\"elementor-element elementor-element-814d6c1 elementor-widget elementor-widget-text-editor\" data-id=\"814d6c1\" data-element_type=\"widget\" data-e-type=\"widget\" data-widget_type=\"text-editor.default\">\n\t\t\t\t<div class=\"elementor-widget-container\">\n\t\t\t\t\t\t\t\t\t<p data-start=\"5996\" data-end=\"6153\">Les premiers effets sont visibles d\u00e8s la premi\u00e8re s\u00e9ance, avec un effet cumulatif sur 3 \u00e0 5 s\u00e9ances.<\/p><p data-start=\"6155\" data-end=\"6270\">\u00a0<\/p>\t\t\t\t\t\t\t\t<\/div>\n\t\t\t\t<\/div>\n\t\t\t\t\t<\/div>\n\t\t\t\t<\/div>\n\t\t\t\t<\/div>\n\t\t\t\t\t<\/details>\n\t\t\t\t\t\t<details id=\"e-n-accordion-item-2062\" class=\"e-n-accordion-item\" >\n\t\t\t\t<summary class=\"e-n-accordion-item-title\" data-accordion-index=\"3\" tabindex=\"-1\" aria-expanded=\"false\" aria-controls=\"e-n-accordion-item-2062\" >\n\t\t\t\t\t<span class='e-n-accordion-item-title-header'><div class=\"e-n-accordion-item-title-text\"> Peut-on associer soin microbiote et anti-\u00e2ge ? <\/div><\/span>\n\t\t\t\t\t\t\t<span class='e-n-accordion-item-title-icon'>\n\t\t\t<span class='e-opened' ><svg aria-hidden=\"true\" class=\"e-font-icon-svg e-fas-minus\" viewBox=\"0 0 448 512\" xmlns=\"http:\/\/www.w3.org\/2000\/svg\"><path d=\"M416 208H32c-17.67 0-32 14.33-32 32v32c0 17.67 14.33 32 32 32h384c17.67 0 32-14.33 32-32v-32c0-17.67-14.33-32-32-32z\"><\/path><\/svg><\/span>\n\t\t\t<span class='e-closed'><svg aria-hidden=\"true\" class=\"e-font-icon-svg e-fas-plus\" viewBox=\"0 0 448 512\" xmlns=\"http:\/\/www.w3.org\/2000\/svg\"><path d=\"M416 208H272V64c0-17.67-14.33-32-32-32h-32c-17.67 0-32 14.33-32 32v144H32c-17.67 0-32 14.33-32 32v32c0 17.67 14.33 32 32 32h144v144c0 17.67 14.33 32 32 32h32c17.67 0 32-14.33 32-32V304h144c17.67 0 32-14.33 32-32v-32c0-17.67-14.33-32-32-32z\"><\/path><\/svg><\/span>\n\t\t<\/span>\n\n\t\t\t\t\t\t<\/summary>\n\t\t\t\t<div role=\"region\" aria-labelledby=\"e-n-accordion-item-2062\" class=\"elementor-element elementor-element-35302e1 e-con-full e-flex e-con e-child\" data-id=\"35302e1\" data-element_type=\"container\" data-e-type=\"container\">\n\t\t<div role=\"region\" aria-labelledby=\"e-n-accordion-item-2062\" class=\"elementor-element elementor-element-cba282f e-flex e-con-boxed e-con e-child\" data-id=\"cba282f\" data-element_type=\"container\" data-e-type=\"container\">\n\t\t\t\t\t<div class=\"e-con-inner\">\n\t\t\t\t<div class=\"elementor-element elementor-element-fc3dc6e elementor-widget elementor-widget-text-editor\" data-id=\"fc3dc6e\" data-element_type=\"widget\" data-e-type=\"widget\" data-widget_type=\"text-editor.default\">\n\t\t\t\t<div class=\"elementor-widget-container\">\n\t\t\t\t\t\t\t\t\t<p>Oui, c\u2019est m\u00eame aujourd\u2019hui l\u2019association la plus performante.<\/p>\t\t\t\t\t\t\t\t<\/div>\n\t\t\t\t<\/div>\n\t\t\t\t\t<\/div>\n\t\t\t\t<\/div>\n\t\t\t\t<\/div>\n\t\t\t\t\t<\/details>\n\t\t\t\t\t\t<details id=\"e-n-accordion-item-2063\" class=\"e-n-accordion-item\" >\n\t\t\t\t<summary class=\"e-n-accordion-item-title\" data-accordion-index=\"4\" tabindex=\"-1\" aria-expanded=\"false\" aria-controls=\"e-n-accordion-item-2063\" >\n\t\t\t\t\t<span class='e-n-accordion-item-title-header'><div class=\"e-n-accordion-item-title-text\"> Est-ce compatible avec les peelings ? <\/div><\/span>\n\t\t\t\t\t\t\t<span class='e-n-accordion-item-title-icon'>\n\t\t\t<span class='e-opened' ><svg aria-hidden=\"true\" class=\"e-font-icon-svg e-fas-minus\" viewBox=\"0 0 448 512\" xmlns=\"http:\/\/www.w3.org\/2000\/svg\"><path d=\"M416 208H32c-17.67 0-32 14.33-32 32v32c0 17.67 14.33 32 32 32h384c17.67 0 32-14.33 32-32v-32c0-17.67-14.33-32-32-32z\"><\/path><\/svg><\/span>\n\t\t\t<span class='e-closed'><svg aria-hidden=\"true\" class=\"e-font-icon-svg e-fas-plus\" viewBox=\"0 0 448 512\" xmlns=\"http:\/\/www.w3.org\/2000\/svg\"><path d=\"M416 208H272V64c0-17.67-14.33-32-32-32h-32c-17.67 0-32 14.33-32 32v144H32c-17.67 0-32 14.33-32 32v32c0 17.67 14.33 32 32 32h144v144c0 17.67 14.33 32 32 32h32c17.67 0 32-14.33 32-32V304h144c17.67 0 32-14.33 32-32v-32c0-17.67-14.33-32-32-32z\"><\/path><\/svg><\/span>\n\t\t<\/span>\n\n\t\t\t\t\t\t<\/summary>\n\t\t\t\t<div role=\"region\" aria-labelledby=\"e-n-accordion-item-2063\" class=\"elementor-element elementor-element-0e7ff5e e-flex e-con-boxed e-con e-child\" data-id=\"0e7ff5e\" data-element_type=\"container\" data-e-type=\"container\">\n\t\t\t\t\t<div class=\"e-con-inner\">\n\t\t<div role=\"region\" aria-labelledby=\"e-n-accordion-item-2063\" class=\"elementor-element elementor-element-a829042 e-con-full e-flex e-con e-child\" data-id=\"a829042\" data-element_type=\"container\" data-e-type=\"container\">\n\t\t\t\t<div class=\"elementor-element elementor-element-13c36f3 elementor-widget elementor-widget-text-editor\" data-id=\"13c36f3\" data-element_type=\"widget\" data-e-type=\"widget\" data-widget_type=\"text-editor.default\">\n\t\t\t\t<div class=\"elementor-widget-container\">\n\t\t\t\t\t\t\t\t\t<p data-start=\"6272\" data-end=\"6401\">Oui, le soin microbiote est id\u00e9al en post-peeling pour restaurer la barri\u00e8re cutan\u00e9e.<\/p>\t\t\t\t\t\t\t\t<\/div>\n\t\t\t\t<\/div>\n\t\t\t\t<\/div>\n\t\t\t\t\t<\/div>\n\t\t\t\t<\/div>\n\t\t\t\t\t<\/details>\n\t\t\t\t\t<\/div>\n\t\t\t\t\t\t<\/div>\n\t\t\t\t<\/div>\n\t\t\t\t\t<\/div>\n\t\t\t\t<\/div>\n\t\t<div class=\"elementor-element elementor-element-e3cdabe e-flex e-con-boxed e-con e-parent\" data-id=\"e3cdabe\" data-element_type=\"container\" data-e-type=\"container\">\n\t\t\t\t\t<div class=\"e-con-inner\">\n\t\t\t\t<div class=\"elementor-element elementor-element-a6f8b5d elementor-widget elementor-widget-html\" data-id=\"a6f8b5d\" data-element_type=\"widget\" data-e-type=\"widget\" data-widget_type=\"html.default\">\n\t\t\t\t<div class=\"elementor-widget-container\">\n\t\t\t\t\t<script>{\n  \"meta\": {\n    \"title\": \"Soin microbiote visage professionnel | Lucia Rapetti Pro\",\n    \"description\": \"D\u00e9couvrez le soin microbiote visage professionnel pour instituts : \u00e9quilibre cutan\u00e9, anti-\u00e2ge, peaux sensibles et imperfections avec Lucia Rapetti Pro.\"\n  },\n  \"schema_org\": {\n    \"@context\": \"https:\/\/schema.org\",\n    \"@type\": \"Article\",\n    \"headline\": \"Soin microbiote visage : le nouveau pilier des protocoles professionnels en institut\",\n    \"description\": \"D\u00e9couvrez le soin microbiote visage professionnel pour instituts : \u00e9quilibre cutan\u00e9, action anti-\u00e2ge, apaisement des peaux sensibles et correction des imperfections, avec l\u2019expertise Lucia Rapetti Pro d\u00e9di\u00e9e aux esth\u00e9ticiennes.\",\n    \"inLanguage\": \"fr-FR\",\n    \"keywords\": [\n      \"soin microbiote visage\",\n      \"microbiote cutan\u00e9\",\n      \"microbiome de la peau\",\n      \"soin visage professionnel\",\n      \"cosm\u00e9tique professionnelle\",\n      \"peaux sensibles\",\n      \"anti-\u00e2ge institut\",\n      \"soin esth\u00e9ticienne\",\n      \"Lucia Rapetti Pro\"\n    ],\n    \"author\": {\n      \"@type\": \"Organization\",\n      \"name\": \"Lucia Rapetti Pro\"\n    },\n    \"publisher\": {\n      \"@type\": \"Organization\",\n      \"name\": \"Lucia Rapetti Pro\",\n      \"logo\": {\n        \"@type\": \"ImageObject\",\n        \"url\": \"https:\/\/lucia-rapetti.pro\/logo.png\"\n      }\n    },\n    \"mainEntityOfPage\": {\n      \"@type\": \"WebPage\",\n      \"@id\": \"https:\/\/lucia-rapetti.pro\/soin-microbiote-visage\"\n    }\n  }\n}\n\n\n<\/script>\t\t\t\t<\/div>\n\t\t\t\t<\/div>\n\t\t\t\t\t<\/div>\n\t\t\t\t<\/div>\n\t\t\t\t<\/div>\n\t\t","protected":false},"excerpt":{"rendered":"<p>Longtemps r\u00e9serv\u00e9 au vocabulaire scientifique, le microbiote cutan\u00e9 est aujourd\u2019hui au c\u0153ur des protocoles de soins les plus performants en institut. V\u00e9ritable \u00e9cosyst\u00e8me vivant, il joue un r\u00f4le fondamental dans l\u2019\u00e9quilibre, la jeunesse et la r\u00e9sistance de la peau. Pour les esth\u00e9ticiennes et les instituts, le soin microbiote visage devient un levier incontournable pour proposer [&hellip;]<\/p>\n","protected":false},"author":1,"featured_media":1067,"comment_status":"closed","ping_status":"closed","sticky":false,"template":"","format":"standard","meta":{"_acf_changed":false,"_mo_disable_npp":"","site-sidebar-layout":"default","site-content-layout":"","ast-site-content-layout":"default","site-content-style":"default","site-sidebar-style":"default","ast-global-header-display":"","ast-banner-title-visibility":"","ast-main-header-display":"","ast-hfb-above-header-display":"","ast-hfb-below-header-display":"","ast-hfb-mobile-header-display":"","site-post-title":"","ast-breadcrumbs-content":"","ast-featured-img":"","footer-sml-layout":"","ast-disable-related-posts":"","theme-transparent-header-meta":"","adv-header-id-meta":"","stick-header-meta":"","header-above-stick-meta":"","header-main-stick-meta":"","header-below-stick-meta":"","astra-migrate-meta-layouts":"set","ast-page-background-enabled":"default","ast-page-background-meta":{"desktop":{"background-color":"var(--ast-global-color-4)","background-image":"","background-repeat":"repeat","background-position":"center center","background-size":"auto","background-attachment":"scroll","background-type":"","background-media":"","overlay-type":"","overlay-color":"","overlay-opacity":"","overlay-gradient":""},"tablet":{"background-color":"","background-image":"","background-repeat":"repeat","background-position":"center center","background-size":"auto","background-attachment":"scroll","background-type":"","background-media":"","overlay-type":"","overlay-color":"","overlay-opacity":"","overlay-gradient":""},"mobile":{"background-color":"","background-image":"","background-repeat":"repeat","background-position":"center center","background-size":"auto","background-attachment":"scroll","background-type":"","background-media":"","overlay-type":"","overlay-color":"","overlay-opacity":"","overlay-gradient":""}},"ast-content-background-meta":{"desktop":{"background-color":"var(--ast-global-color-5)","background-image":"","background-repeat":"repeat","background-position":"center center","background-size":"auto","background-attachment":"scroll","background-type":"","background-media":"","overlay-type":"","overlay-color":"","overlay-opacity":"","overlay-gradient":""},"tablet":{"background-color":"var(--ast-global-color-5)","background-image":"","background-repeat":"repeat","background-position":"center center","background-size":"auto","background-attachment":"scroll","background-type":"","background-media":"","overlay-type":"","overlay-color":"","overlay-opacity":"","overlay-gradient":""},"mobile":{"background-color":"var(--ast-global-color-5)","background-image":"","background-repeat":"repeat","background-position":"center center","background-size":"auto","background-attachment":"scroll","background-type":"","background-media":"","overlay-type":"","overlay-color":"","overlay-opacity":"","overlay-gradient":""}},"footnotes":""},"categories":[113,161],"tags":[101,103,102],"class_list":["post-6796","post","type-post","status-publish","format-standard","has-post-thumbnail","hentry","category-beaute-naturelle","category-microbiote-de-la-peau","tag-clean-beauty","tag-gammes","tag-produits"],"acf":[],"yoast_head":"<!-- This site is optimized with the Yoast SEO plugin v27.5 - https:\/\/yoast.com\/product\/yoast-seo-wordpress\/ -->\n<title>Soin microbiote visage professionnel | Lucia Rapetti Pro<\/title>\n<meta name=\"description\" content=\"D\u00e9couvrez le soin microbiote visage professionnel pour instituts : \u00e9quilibre cutan\u00e9, anti-\u00e2ge, peaux sensibles et imperfections.\" \/>\n<meta name=\"robots\" content=\"index, follow, max-snippet:-1, max-image-preview:large, max-video-preview:-1\" \/>\n<link rel=\"canonical\" href=\"https:\/\/lucia-rapetti.pro\/it\/blog\/la-cura-del-viso-con-il-microbiota-e-il-nuovo-pilastro-dei-protocolli-degli-istituti-professionali\/\" \/>\n<meta property=\"og:locale\" content=\"it_IT\" \/>\n<meta property=\"og:type\" content=\"article\" \/>\n<meta property=\"og:title\" content=\"Soin microbiote visage professionnel | Lucia Rapetti Pro\" \/>\n<meta property=\"og:description\" content=\"D\u00e9couvrez le soin microbiote visage professionnel pour instituts : \u00e9quilibre cutan\u00e9, anti-\u00e2ge, peaux sensibles et imperfections.\" \/>\n<meta property=\"og:url\" content=\"https:\/\/lucia-rapetti.pro\/it\/blog\/la-cura-del-viso-con-il-microbiota-e-il-nuovo-pilastro-dei-protocolli-degli-istituti-professionali\/\" \/>\n<meta property=\"og:site_name\" content=\"Lucia Rapetti Laboratoire Naturel\" \/>\n<meta property=\"article:publisher\" content=\"https:\/\/www.facebook.com\/luciarapettiofficial\" \/>\n<meta property=\"article:published_time\" content=\"2025-12-08T14:27:28+00:00\" \/>\n<meta property=\"article:modified_time\" content=\"2025-12-08T15:05:10+00:00\" \/>\n<meta property=\"og:image\" content=\"https:\/\/lucia-rapetti.pro\/wp-content\/uploads\/2023\/06\/LR-sito-solaire-woman.jpg\" \/>\n\t<meta property=\"og:image:width\" content=\"1200\" \/>\n\t<meta property=\"og:image:height\" content=\"1200\" \/>\n\t<meta property=\"og:image:type\" content=\"image\/jpeg\" \/>\n<meta name=\"author\" content=\"Thierry FOUQUART\" \/>\n<meta name=\"twitter:card\" content=\"summary_large_image\" \/>\n<meta name=\"twitter:label1\" content=\"Scritto da\" \/>\n\t<meta name=\"twitter:data1\" content=\"Thierry FOUQUART\" \/>\n\t<meta name=\"twitter:label2\" content=\"Tempo di lettura stimato\" \/>\n\t<meta name=\"twitter:data2\" content=\"7 minuti\" \/>\n<script type=\"application\/ld+json\" class=\"yoast-schema-graph\">{\"@context\":\"https:\\\/\\\/schema.org\",\"@graph\":[{\"@type\":\"Article\",\"@id\":\"https:\\\/\\\/lucia-rapetti.pro\\\/blog\\\/soin-microbiote-visage-le-nouveau-pilier-des-protocoles-professionnels-en-institut\\\/#article\",\"isPartOf\":{\"@id\":\"https:\\\/\\\/lucia-rapetti.pro\\\/blog\\\/soin-microbiote-visage-le-nouveau-pilier-des-protocoles-professionnels-en-institut\\\/\"},\"author\":{\"name\":\"Thierry FOUQUART\",\"@id\":\"https:\\\/\\\/lucia-rapetti.pro\\\/#\\\/schema\\\/person\\\/998552a7012c90388f667a7c785e867c\"},\"headline\":\"Soin microbiote visage : le nouveau pilier des protocoles professionnels en institut\",\"datePublished\":\"2025-12-08T14:27:28+00:00\",\"dateModified\":\"2025-12-08T15:05:10+00:00\",\"mainEntityOfPage\":{\"@id\":\"https:\\\/\\\/lucia-rapetti.pro\\\/blog\\\/soin-microbiote-visage-le-nouveau-pilier-des-protocoles-professionnels-en-institut\\\/\"},\"wordCount\":973,\"publisher\":{\"@id\":\"https:\\\/\\\/lucia-rapetti.pro\\\/#organization\"},\"image\":{\"@id\":\"https:\\\/\\\/lucia-rapetti.pro\\\/blog\\\/soin-microbiote-visage-le-nouveau-pilier-des-protocoles-professionnels-en-institut\\\/#primaryimage\"},\"thumbnailUrl\":\"https:\\\/\\\/lucia-rapetti.pro\\\/wp-content\\\/uploads\\\/2023\\\/06\\\/LR-sito-solaire-woman.jpg\",\"keywords\":[\"Clean Beauty\",\"Gammes\",\"Produits\"],\"articleSection\":[\"Beaut\u00e9 Naturelle\",\"microbiote de la peau\"],\"inLanguage\":\"it-IT\"},{\"@type\":\"WebPage\",\"@id\":\"https:\\\/\\\/lucia-rapetti.pro\\\/blog\\\/soin-microbiote-visage-le-nouveau-pilier-des-protocoles-professionnels-en-institut\\\/\",\"url\":\"https:\\\/\\\/lucia-rapetti.pro\\\/blog\\\/soin-microbiote-visage-le-nouveau-pilier-des-protocoles-professionnels-en-institut\\\/\",\"name\":\"Soin microbiote visage professionnel | Lucia Rapetti Pro\",\"isPartOf\":{\"@id\":\"https:\\\/\\\/lucia-rapetti.pro\\\/#website\"},\"primaryImageOfPage\":{\"@id\":\"https:\\\/\\\/lucia-rapetti.pro\\\/blog\\\/soin-microbiote-visage-le-nouveau-pilier-des-protocoles-professionnels-en-institut\\\/#primaryimage\"},\"image\":{\"@id\":\"https:\\\/\\\/lucia-rapetti.pro\\\/blog\\\/soin-microbiote-visage-le-nouveau-pilier-des-protocoles-professionnels-en-institut\\\/#primaryimage\"},\"thumbnailUrl\":\"https:\\\/\\\/lucia-rapetti.pro\\\/wp-content\\\/uploads\\\/2023\\\/06\\\/LR-sito-solaire-woman.jpg\",\"datePublished\":\"2025-12-08T14:27:28+00:00\",\"dateModified\":\"2025-12-08T15:05:10+00:00\",\"description\":\"D\u00e9couvrez le soin microbiote visage professionnel pour instituts : \u00e9quilibre cutan\u00e9, anti-\u00e2ge, peaux sensibles et imperfections.\",\"breadcrumb\":{\"@id\":\"https:\\\/\\\/lucia-rapetti.pro\\\/blog\\\/soin-microbiote-visage-le-nouveau-pilier-des-protocoles-professionnels-en-institut\\\/#breadcrumb\"},\"inLanguage\":\"it-IT\",\"potentialAction\":[{\"@type\":\"ReadAction\",\"target\":[\"https:\\\/\\\/lucia-rapetti.pro\\\/blog\\\/soin-microbiote-visage-le-nouveau-pilier-des-protocoles-professionnels-en-institut\\\/\"]}]},{\"@type\":\"ImageObject\",\"inLanguage\":\"it-IT\",\"@id\":\"https:\\\/\\\/lucia-rapetti.pro\\\/blog\\\/soin-microbiote-visage-le-nouveau-pilier-des-protocoles-professionnels-en-institut\\\/#primaryimage\",\"url\":\"https:\\\/\\\/lucia-rapetti.pro\\\/wp-content\\\/uploads\\\/2023\\\/06\\\/LR-sito-solaire-woman.jpg\",\"contentUrl\":\"https:\\\/\\\/lucia-rapetti.pro\\\/wp-content\\\/uploads\\\/2023\\\/06\\\/LR-sito-solaire-woman.jpg\",\"width\":1200,\"height\":1200,\"caption\":\"Soin microbiote visage\"},{\"@type\":\"BreadcrumbList\",\"@id\":\"https:\\\/\\\/lucia-rapetti.pro\\\/blog\\\/soin-microbiote-visage-le-nouveau-pilier-des-protocoles-professionnels-en-institut\\\/#breadcrumb\",\"itemListElement\":[{\"@type\":\"ListItem\",\"position\":1,\"name\":\"Accueil\",\"item\":\"https:\\\/\\\/lucia-rapetti.pro\\\/\"},{\"@type\":\"ListItem\",\"position\":2,\"name\":\"Soin microbiote visage : le nouveau pilier des protocoles professionnels en institut\"}]},{\"@type\":\"WebSite\",\"@id\":\"https:\\\/\\\/lucia-rapetti.pro\\\/#website\",\"url\":\"https:\\\/\\\/lucia-rapetti.pro\\\/\",\"name\":\"Lucia Rapetti Laboratoire Naturel pour professionnel\",\"description\":\"Laboratoire de cosm\u00e9tique naturel et beaut\u00e9 pour institut et professionnel\",\"publisher\":{\"@id\":\"https:\\\/\\\/lucia-rapetti.pro\\\/#organization\"},\"alternateName\":\"Lucia Rapetti Pro\",\"potentialAction\":[{\"@type\":\"SearchAction\",\"target\":{\"@type\":\"EntryPoint\",\"urlTemplate\":\"https:\\\/\\\/lucia-rapetti.pro\\\/?s={search_term_string}\"},\"query-input\":{\"@type\":\"PropertyValueSpecification\",\"valueRequired\":true,\"valueName\":\"search_term_string\"}}],\"inLanguage\":\"it-IT\"},{\"@type\":\"Organization\",\"@id\":\"https:\\\/\\\/lucia-rapetti.pro\\\/#organization\",\"name\":\"Lucia Rapetti Laboratoire Naturel\",\"alternateName\":\"LR Pro\",\"url\":\"https:\\\/\\\/lucia-rapetti.pro\\\/\",\"logo\":{\"@type\":\"ImageObject\",\"inLanguage\":\"it-IT\",\"@id\":\"https:\\\/\\\/lucia-rapetti.pro\\\/#\\\/schema\\\/logo\\\/image\\\/\",\"url\":\"https:\\\/\\\/lucia-rapetti.pro\\\/wp-content\\\/uploads\\\/2023\\\/04\\\/cropped-lucia-rapetti-logo-1.png\",\"contentUrl\":\"https:\\\/\\\/lucia-rapetti.pro\\\/wp-content\\\/uploads\\\/2023\\\/04\\\/cropped-lucia-rapetti-logo-1.png\",\"width\":850,\"height\":142,\"caption\":\"Lucia Rapetti Laboratoire Naturel\"},\"image\":{\"@id\":\"https:\\\/\\\/lucia-rapetti.pro\\\/#\\\/schema\\\/logo\\\/image\\\/\"},\"sameAs\":[\"https:\\\/\\\/www.facebook.com\\\/luciarapettiofficial\",\"https:\\\/\\\/www.instagram.com\\\/luciarapettiofficial\\\/\"]},{\"@type\":\"Person\",\"@id\":\"https:\\\/\\\/lucia-rapetti.pro\\\/#\\\/schema\\\/person\\\/998552a7012c90388f667a7c785e867c\",\"name\":\"Thierry FOUQUART\",\"image\":{\"@type\":\"ImageObject\",\"inLanguage\":\"it-IT\",\"@id\":\"https:\\\/\\\/secure.gravatar.com\\\/avatar\\\/27c210af2472b79045a22c67a02dc2e84d697a703065450f2ac9a83e96d5036c?s=96&d=mm&r=g\",\"url\":\"https:\\\/\\\/secure.gravatar.com\\\/avatar\\\/27c210af2472b79045a22c67a02dc2e84d697a703065450f2ac9a83e96d5036c?s=96&d=mm&r=g\",\"contentUrl\":\"https:\\\/\\\/secure.gravatar.com\\\/avatar\\\/27c210af2472b79045a22c67a02dc2e84d697a703065450f2ac9a83e96d5036c?s=96&d=mm&r=g\",\"caption\":\"Thierry FOUQUART\"},\"description\":\"Description du profil\",\"sameAs\":[\"https:\\\/\\\/client.comanddesign.com\"],\"url\":\"https:\\\/\\\/lucia-rapetti.pro\\\/it\\\/blog\\\/author\\\/comanddesign\\\/\"}]}<\/script>\n<!-- \/ Yoast SEO plugin. -->","yoast_head_json":{"title":"Trattamento professionale del viso al microbiota | Lucia Rapetti Pro","description":"Scoprite i trattamenti professionali per il viso a base di microbiota per gli istituti: equilibrio cutaneo, anti-et\u00e0, pelle sensibile e imperfezioni.","robots":{"index":"index","follow":"follow","max-snippet":"max-snippet:-1","max-image-preview":"max-image-preview:large","max-video-preview":"max-video-preview:-1"},"canonical":"https:\/\/lucia-rapetti.pro\/it\/blog\/la-cura-del-viso-con-il-microbiota-e-il-nuovo-pilastro-dei-protocolli-degli-istituti-professionali\/","og_locale":"it_IT","og_type":"article","og_title":"Soin microbiote visage professionnel | Lucia Rapetti Pro","og_description":"D\u00e9couvrez le soin microbiote visage professionnel pour instituts : \u00e9quilibre cutan\u00e9, anti-\u00e2ge, peaux sensibles et imperfections.","og_url":"https:\/\/lucia-rapetti.pro\/it\/blog\/la-cura-del-viso-con-il-microbiota-e-il-nuovo-pilastro-dei-protocolli-degli-istituti-professionali\/","og_site_name":"Lucia Rapetti Laboratoire Naturel","article_publisher":"https:\/\/www.facebook.com\/luciarapettiofficial","article_published_time":"2025-12-08T14:27:28+00:00","article_modified_time":"2025-12-08T15:05:10+00:00","og_image":[{"width":1200,"height":1200,"url":"https:\/\/lucia-rapetti.pro\/wp-content\/uploads\/2023\/06\/LR-sito-solaire-woman.jpg","type":"image\/jpeg"}],"author":"Thierry FOUQUART","twitter_card":"summary_large_image","twitter_misc":{"Scritto da":"Thierry FOUQUART","Tempo di lettura stimato":"7 minuti"},"schema":{"@context":"https:\/\/schema.org","@graph":[{"@type":"Article","@id":"https:\/\/lucia-rapetti.pro\/blog\/soin-microbiote-visage-le-nouveau-pilier-des-protocoles-professionnels-en-institut\/#article","isPartOf":{"@id":"https:\/\/lucia-rapetti.pro\/blog\/soin-microbiote-visage-le-nouveau-pilier-des-protocoles-professionnels-en-institut\/"},"author":{"name":"Thierry FOUQUART","@id":"https:\/\/lucia-rapetti.pro\/#\/schema\/person\/998552a7012c90388f667a7c785e867c"},"headline":"Soin microbiote visage : le nouveau pilier des protocoles professionnels en institut","datePublished":"2025-12-08T14:27:28+00:00","dateModified":"2025-12-08T15:05:10+00:00","mainEntityOfPage":{"@id":"https:\/\/lucia-rapetti.pro\/blog\/soin-microbiote-visage-le-nouveau-pilier-des-protocoles-professionnels-en-institut\/"},"wordCount":973,"publisher":{"@id":"https:\/\/lucia-rapetti.pro\/#organization"},"image":{"@id":"https:\/\/lucia-rapetti.pro\/blog\/soin-microbiote-visage-le-nouveau-pilier-des-protocoles-professionnels-en-institut\/#primaryimage"},"thumbnailUrl":"https:\/\/lucia-rapetti.pro\/wp-content\/uploads\/2023\/06\/LR-sito-solaire-woman.jpg","keywords":["Clean Beauty","Gammes","Produits"],"articleSection":["Beaut\u00e9 Naturelle","microbiote de la peau"],"inLanguage":"it-IT"},{"@type":"WebPage","@id":"https:\/\/lucia-rapetti.pro\/blog\/soin-microbiote-visage-le-nouveau-pilier-des-protocoles-professionnels-en-institut\/","url":"https:\/\/lucia-rapetti.pro\/blog\/soin-microbiote-visage-le-nouveau-pilier-des-protocoles-professionnels-en-institut\/","name":"Trattamento professionale del viso al microbiota | Lucia Rapetti Pro","isPartOf":{"@id":"https:\/\/lucia-rapetti.pro\/#website"},"primaryImageOfPage":{"@id":"https:\/\/lucia-rapetti.pro\/blog\/soin-microbiote-visage-le-nouveau-pilier-des-protocoles-professionnels-en-institut\/#primaryimage"},"image":{"@id":"https:\/\/lucia-rapetti.pro\/blog\/soin-microbiote-visage-le-nouveau-pilier-des-protocoles-professionnels-en-institut\/#primaryimage"},"thumbnailUrl":"https:\/\/lucia-rapetti.pro\/wp-content\/uploads\/2023\/06\/LR-sito-solaire-woman.jpg","datePublished":"2025-12-08T14:27:28+00:00","dateModified":"2025-12-08T15:05:10+00:00","description":"Scoprite i trattamenti professionali per il viso a base di microbiota per gli istituti: equilibrio cutaneo, anti-et\u00e0, pelle sensibile e imperfezioni.","breadcrumb":{"@id":"https:\/\/lucia-rapetti.pro\/blog\/soin-microbiote-visage-le-nouveau-pilier-des-protocoles-professionnels-en-institut\/#breadcrumb"},"inLanguage":"it-IT","potentialAction":[{"@type":"ReadAction","target":["https:\/\/lucia-rapetti.pro\/blog\/soin-microbiote-visage-le-nouveau-pilier-des-protocoles-professionnels-en-institut\/"]}]},{"@type":"ImageObject","inLanguage":"it-IT","@id":"https:\/\/lucia-rapetti.pro\/blog\/soin-microbiote-visage-le-nouveau-pilier-des-protocoles-professionnels-en-institut\/#primaryimage","url":"https:\/\/lucia-rapetti.pro\/wp-content\/uploads\/2023\/06\/LR-sito-solaire-woman.jpg","contentUrl":"https:\/\/lucia-rapetti.pro\/wp-content\/uploads\/2023\/06\/LR-sito-solaire-woman.jpg","width":1200,"height":1200,"caption":"Soin microbiote visage"},{"@type":"BreadcrumbList","@id":"https:\/\/lucia-rapetti.pro\/blog\/soin-microbiote-visage-le-nouveau-pilier-des-protocoles-professionnels-en-institut\/#breadcrumb","itemListElement":[{"@type":"ListItem","position":1,"name":"Accueil","item":"https:\/\/lucia-rapetti.pro\/"},{"@type":"ListItem","position":2,"name":"Soin microbiote visage : le nouveau pilier des protocoles professionnels en institut"}]},{"@type":"WebSite","@id":"https:\/\/lucia-rapetti.pro\/#website","url":"https:\/\/lucia-rapetti.pro\/","name":"Lucia Rapetti Laboratorio naturale per professionisti","description":"Laboratorio di cosmesi naturale e di bellezza per istituti e professionisti","publisher":{"@id":"https:\/\/lucia-rapetti.pro\/#organization"},"alternateName":"Lucia Rapetti Pro","potentialAction":[{"@type":"SearchAction","target":{"@type":"EntryPoint","urlTemplate":"https:\/\/lucia-rapetti.pro\/?s={search_term_string}"},"query-input":{"@type":"PropertyValueSpecification","valueRequired":true,"valueName":"search_term_string"}}],"inLanguage":"it-IT"},{"@type":"Organization","@id":"https:\/\/lucia-rapetti.pro\/#organization","name":"Lucia Rapetti Laboratoire Naturel","alternateName":"LR Pro","url":"https:\/\/lucia-rapetti.pro\/","logo":{"@type":"ImageObject","inLanguage":"it-IT","@id":"https:\/\/lucia-rapetti.pro\/#\/schema\/logo\/image\/","url":"https:\/\/lucia-rapetti.pro\/wp-content\/uploads\/2023\/04\/cropped-lucia-rapetti-logo-1.png","contentUrl":"https:\/\/lucia-rapetti.pro\/wp-content\/uploads\/2023\/04\/cropped-lucia-rapetti-logo-1.png","width":850,"height":142,"caption":"Lucia Rapetti Laboratoire Naturel"},"image":{"@id":"https:\/\/lucia-rapetti.pro\/#\/schema\/logo\/image\/"},"sameAs":["https:\/\/www.facebook.com\/luciarapettiofficial","https:\/\/www.instagram.com\/luciarapettiofficial\/"]},{"@type":"Person","@id":"https:\/\/lucia-rapetti.pro\/#\/schema\/person\/998552a7012c90388f667a7c785e867c","name":"Thierry FOUQUART","image":{"@type":"ImageObject","inLanguage":"it-IT","@id":"https:\/\/secure.gravatar.com\/avatar\/27c210af2472b79045a22c67a02dc2e84d697a703065450f2ac9a83e96d5036c?s=96&d=mm&r=g","url":"https:\/\/secure.gravatar.com\/avatar\/27c210af2472b79045a22c67a02dc2e84d697a703065450f2ac9a83e96d5036c?s=96&d=mm&r=g","contentUrl":"https:\/\/secure.gravatar.com\/avatar\/27c210af2472b79045a22c67a02dc2e84d697a703065450f2ac9a83e96d5036c?s=96&d=mm&r=g","caption":"Thierry FOUQUART"},"description":"Descrizione del profilo","sameAs":["https:\/\/client.comanddesign.com"],"url":"https:\/\/lucia-rapetti.pro\/it\/blog\/author\/comanddesign\/"}]}},"_links":{"self":[{"href":"https:\/\/lucia-rapetti.pro\/it\/wp-json\/wp\/v2\/posts\/6796","targetHints":{"allow":["GET"]}}],"collection":[{"href":"https:\/\/lucia-rapetti.pro\/it\/wp-json\/wp\/v2\/posts"}],"about":[{"href":"https:\/\/lucia-rapetti.pro\/it\/wp-json\/wp\/v2\/types\/post"}],"author":[{"embeddable":true,"href":"https:\/\/lucia-rapetti.pro\/it\/wp-json\/wp\/v2\/users\/1"}],"replies":[{"embeddable":true,"href":"https:\/\/lucia-rapetti.pro\/it\/wp-json\/wp\/v2\/comments?post=6796"}],"version-history":[{"count":19,"href":"https:\/\/lucia-rapetti.pro\/it\/wp-json\/wp\/v2\/posts\/6796\/revisions"}],"predecessor-version":[{"id":6817,"href":"https:\/\/lucia-rapetti.pro\/it\/wp-json\/wp\/v2\/posts\/6796\/revisions\/6817"}],"wp:featuredmedia":[{"embeddable":true,"href":"https:\/\/lucia-rapetti.pro\/it\/wp-json\/wp\/v2\/media\/1067"}],"wp:attachment":[{"href":"https:\/\/lucia-rapetti.pro\/it\/wp-json\/wp\/v2\/media?parent=6796"}],"wp:term":[{"taxonomy":"category","embeddable":true,"href":"https:\/\/lucia-rapetti.pro\/it\/wp-json\/wp\/v2\/categories?post=6796"},{"taxonomy":"post_tag","embeddable":true,"href":"https:\/\/lucia-rapetti.pro\/it\/wp-json\/wp\/v2\/tags?post=6796"}],"curies":[{"name":"wp","href":"https:\/\/api.w.org\/{rel}","templated":true}]}}