{"id":6696,"date":"2025-11-25T17:01:22","date_gmt":"2025-11-25T16:01:22","guid":{"rendered":"https:\/\/lucia-rapetti.pro\/?p=6696"},"modified":"2025-11-25T17:26:13","modified_gmt":"2025-11-25T16:26:13","slug":"trattamento-postbiotico-per-una-pelle-giovane","status":"publish","type":"post","link":"https:\/\/lucia-rapetti.pro\/it\/blog\/trattamento-postbiotico-per-una-pelle-giovane\/","title":{"rendered":"Cura postbiotica per la pelle giovane: la guida completa per una pelle sana, equilibrata e luminosa"},"content":{"rendered":"\t\t<div data-elementor-type=\"wp-post\" data-elementor-id=\"6696\" class=\"elementor elementor-6696\" data-elementor-post-type=\"post\">\n\t\t\t\t<div class=\"elementor-element elementor-element-3b63b5bb e-flex e-con-boxed e-con e-parent\" data-id=\"3b63b5bb\" data-element_type=\"container\" data-e-type=\"container\">\n\t\t\t\t\t<div class=\"e-con-inner\">\n\t\t\t\t<div class=\"elementor-element elementor-element-15ff9d60 elementor-widget elementor-widget-text-editor\" data-id=\"15ff9d60\" data-element_type=\"widget\" data-e-type=\"widget\" data-widget_type=\"text-editor.default\">\n\t\t\t\t<div class=\"elementor-widget-container\">\n\t\t\t\t\t\t\t\t\t<p data-start=\"378\" data-end=\"692\">Pendant longtemps, les soins postbiotiques \u00e9taient r\u00e9serv\u00e9s aux <a href=\"https:\/\/lucia-rapetti.pro\/produit-de-beaute-pour-institut\/\">peaux sensibles<\/a> ou matures. Aujourd\u2019hui, les recherches montrent qu\u2019ils sont <strong data-start=\"519\" data-end=\"572\">particuli\u00e8rement b\u00e9n\u00e9fiques pour les peaux jeunes<\/strong> : celles qui commencent \u00e0 \u00eatre expos\u00e9es au stress, \u00e0 la pollution, aux hormones, et aux premiers d\u00e9s\u00e9quilibres cutan\u00e9s.<\/p><p data-start=\"694\" data-end=\"843\">Si tu cherches un soin capable d\u2019apaiser, purifier, <a href=\"https:\/\/lucia-rapetti.com\/microbiote-de-la-peau-cutane\/\">renforcer la barri\u00e8re cutan\u00e9e<\/a> et r\u00e9v\u00e9ler l\u2019\u00e9clat naturel de la peau jeune\u2026 ce guide est pour toi.<\/p><h2 data-start=\"850\" data-end=\"903\"><strong data-start=\"852\" data-end=\"903\">Qu\u2019est-ce qu\u2019un postbiotique ?<br \/><\/strong><\/h2><p data-start=\"905\" data-end=\"1054\"><br \/>Un postbiotique est un actif issu de <strong data-start=\"942\" data-end=\"973\">micro-organismes b\u00e9n\u00e9fiques<\/strong>, mais <strong data-start=\"980\" data-end=\"993\">inactiv\u00e9s<\/strong>.<br data-start=\"994\" data-end=\"997\" \/>Il agit comme un messager biologique qui aide la peau \u00e0 :<\/p><ul data-start=\"1056\" data-end=\"1185\"><li data-start=\"1056\" data-end=\"1092\"><p data-start=\"1058\" data-end=\"1092\">se d\u00e9fendre contre les agressions,<\/p><\/li><li data-start=\"1093\" data-end=\"1111\"><p data-start=\"1095\" data-end=\"1111\">se r\u00e9\u00e9quilibrer,<\/p><\/li><li data-start=\"1112\" data-end=\"1142\"><p data-start=\"1114\" data-end=\"1142\">mieux retenir l\u2019hydratation,<\/p><\/li><li data-start=\"1143\" data-end=\"1185\"><p data-start=\"1145\" data-end=\"1185\">r\u00e9duire les rougeurs et les irritations.<\/p><\/li><\/ul><p>\ud83d\udc49 Tous ces postbiotiques ont un point commun : <strong data-start=\"1870\" data-end=\"1941\">ils aident la peau \u00e0 fonctionner comme une peau naturellement saine<\/strong>.<\/p><h2 data-start=\"1949\" data-end=\"2025\"><strong data-start=\"1951\" data-end=\"2025\">Pourquoi la peau jeune a-t-elle besoin d\u2019un soin microbiome-friendly ?<\/strong><\/h2><p data-start=\"2027\" data-end=\"2151\"><br \/>Contrairement \u00e0 ce qu\u2019on croit, la peau jeune n\u2019est pas &#8220;sans probl\u00e8mes&#8221;.<br data-start=\"2100\" data-end=\"2103\" \/>Elle traverse au contraire une p\u00e9riode intense :<\/p><h3 data-start=\"2153\" data-end=\"2186\"><strong data-start=\"2157\" data-end=\"2184\">\u2022 Variations hormonales<\/strong><\/h3><p data-start=\"2187\" data-end=\"2259\">Elles peuvent provoquer une surproduction de s\u00e9bum et des imperfections.<\/p><h3 data-start=\"2261\" data-end=\"2292\"><strong data-start=\"2265\" data-end=\"2290\">\u2022 Stress et pollution<\/strong><\/h3><p data-start=\"2293\" data-end=\"2341\">Ils cr\u00e9ent des micro-inflammations quotidiennes.<\/p><h3 data-start=\"2343\" data-end=\"2372\"><strong data-start=\"2347\" data-end=\"2370\">\u2022 Routine inadapt\u00e9e<\/strong><\/h3><p data-start=\"2373\" data-end=\"2463\">Nettoyants trop agressifs, exfoliants trop fr\u00e9quents\u2026<br data-start=\"2426\" data-end=\"2429\" \/>\u2192 la barri\u00e8re cutan\u00e9e s\u2019affaiblit.<\/p><h3 data-start=\"2465\" data-end=\"2510\"><strong data-start=\"2469\" data-end=\"2508\">\u2022 D\u00e9but du ph\u00e9nom\u00e8ne d\u2019inflam\u2019aging<\/strong><\/h3><p data-start=\"2511\" data-end=\"2665\">Un vieillissement pr\u00e9matur\u00e9 d\u00fb \u00e0 une inflammation silencieuse, pr\u00e9sent <strong data-start=\"2582\" data-end=\"2606\">m\u00eame chez les jeunes<\/strong> selon Blue Skincare<\/p><p data-start=\"2667\" data-end=\"2824\">\ud83d\udc49 R\u00e9sultat :<br data-start=\"2680\" data-end=\"2683\" \/>La peau devient plus r\u00e9active, tiraille, rougit, brille ou pr\u00e9sente des imperfections.<br data-start=\"2769\" data-end=\"2772\" \/>Un soin postbiotique vient casser ce cercle vicieux.<\/p><h2 data-start=\"2831\" data-end=\"2890\"><strong data-start=\"2833\" data-end=\"2890\">Les b\u00e9n\u00e9fices des postbiotiques pour les peaux jeunes<\/strong><\/h2><h3 data-start=\"2892\" data-end=\"2955\"><strong data-start=\"2896\" data-end=\"2953\"><br \/>1. Ils renforcent l\u2019\u00e9cosyst\u00e8me cutan\u00e9 (le microbiome)<\/strong><\/h3><p>\u00a0<\/p><p data-start=\"2956\" data-end=\"3128\">Les postbiotiques r\u00e9\u00e9quilibrent l\u2019\u00e9cologie de la peau, comme observ\u00e9 chez Celavive<\/p><p data-start=\"2956\" data-end=\"3128\">\u2714 moins de d\u00e9s\u00e9quilibres<br data-start=\"3104\" data-end=\"3107\" \/>\u2714 une peau plus saine<\/p><h3 data-start=\"3135\" data-end=\"3184\"><strong data-start=\"3139\" data-end=\"3182\">2. Ils apaisent les micro-inflammations<\/strong><\/h3><p>\u00a0<\/p><p data-start=\"3185\" data-end=\"3387\">Le microbiome fragilis\u00e9 favorise rougeurs et sensibilit\u00e9s.<br data-start=\"3243\" data-end=\"3246\" \/>Les postbiotiques calment ces r\u00e9actions inflammatoires profondes.<br data-start=\"3311\" data-end=\"3314\" \/>\u2714 id\u00e9al pour les peaux jeunes sensibilis\u00e9es par les routines trop fortes.<\/p><h3 data-start=\"3394\" data-end=\"3449\"><strong data-start=\"3398\" data-end=\"3447\">3. Ils r\u00e9duisent les imperfections naissantes<\/strong><\/h3><p>\u00a0<\/p><p data-start=\"3450\" data-end=\"3503\">Dans les contenus concurrentiels, les postbiotiques :<\/p><ul data-start=\"3505\" data-end=\"3624\"><li data-start=\"3505\" data-end=\"3531\"><p data-start=\"3507\" data-end=\"3531\">limitent les \u00e9ruptions<\/p><\/li><li data-start=\"3532\" data-end=\"3624\"><p data-start=\"3534\" data-end=\"3624\">am\u00e9liorent l\u2019apparence des futures imperfections<\/p><\/li><\/ul><p>\u2714 parfait pour contrer les boutons li\u00e9s aux hormones, masques, pollution\u2026<\/p><h3 data-start=\"3706\" data-end=\"3755\"><strong data-start=\"3710\" data-end=\"3753\">4. Ils resserrent l\u2019apparence des pores<\/strong><\/h3><p>\u00a0<\/p><p data-start=\"3756\" data-end=\"3895\">Certains d\u00e9riv\u00e9s postbiotiques marins aident \u00e0 d\u00e9toxifier la peau et \u00e0 r\u00e9duire l\u2019apparence des pores<\/p><h3 data-start=\"3902\" data-end=\"3942\"><strong data-start=\"3906\" data-end=\"3940\">5. Ils hydratent en profondeur<\/strong><\/h3><p>\u00a0<\/p><p data-start=\"3943\" data-end=\"4077\">Une peau jeune peut \u00eatre d\u00e9shydrat\u00e9e.<br data-start=\"3980\" data-end=\"3983\" \/>Les postbiotiques aident la peau \u00e0 mieux retenir l\u2019eau.<br data-start=\"4038\" data-end=\"4041\" \/>\u2714 teint rebondi<br data-start=\"4056\" data-end=\"4059\" \/>\u2714 confort imm\u00e9diat<\/p><h3 data-start=\"4084\" data-end=\"4140\"><strong data-start=\"4088\" data-end=\"4138\">6. Ils pr\u00e9viennent le vieillissement pr\u00e9matur\u00e9<\/strong><\/h3><p>\u00a0<\/p><p data-start=\"4141\" data-end=\"4350\">Gr\u00e2ce \u00e0 leur action anti-inflammatoire, ils limitent l\u2019inflam\u2019aging observ\u00e9 chez Blue Skincare<\/p><p data-start=\"4141\" data-end=\"4350\">\u2714 pr\u00e9vention des premi\u00e8res ridules<br data-start=\"4311\" data-end=\"4314\" \/>\u2714 maintien d\u2019un \u00e9clat \u201cpeau fra\u00eeche\u201d<\/p><h2 data-start=\"5084\" data-end=\"5133\"><strong data-start=\"5086\" data-end=\"5133\">Routine postbiotique id\u00e9ale pour peau jeune<\/strong><\/h2><h2 data-start=\"5135\" data-end=\"5168\"><strong data-start=\"5138\" data-end=\"5166\"><br \/>1. Nettoyer sans d\u00e9caper<\/strong><\/h2><p data-start=\"5169\" data-end=\"5235\">Un gel doux au pH physiologique pour ne pas alt\u00e9rer le microbiome.<\/p><h2 data-start=\"5237\" data-end=\"5280\"><strong data-start=\"5240\" data-end=\"5278\">2. Appliquer un s\u00e9rum postbiotique<\/strong><\/h2><p data-start=\"5281\" data-end=\"5409\"><br \/>C\u2019est l\u2019\u00e9tape cl\u00e9 pour :<br data-start=\"5305\" data-end=\"5308\" \/>\u2714 r\u00e9duire les imperfections<br data-start=\"5335\" data-end=\"5338\" \/>\u2714 apaiser la peau<br data-start=\"5355\" data-end=\"5358\" \/>\u2714 booster l\u2019hydratation<br data-start=\"5381\" data-end=\"5384\" \/>\u2714 renforcer la barri\u00e8re<\/p><h2 data-start=\"5411\" data-end=\"5473\"><strong data-start=\"5414\" data-end=\"5471\">3. Hydrater avec une cr\u00e8me l\u00e9g\u00e8re microbiome-friendly<\/strong><\/h2><p data-start=\"5474\" data-end=\"5532\"><br \/>Les peaux jeunes ont besoin d\u2019hydratation <em data-start=\"5516\" data-end=\"5531\">sans alourdir<\/em>.<\/p><h2 data-start=\"5534\" data-end=\"5564\"><strong data-start=\"5537\" data-end=\"5562\">4. Prot\u00e9ger du soleil<\/strong><\/h2><p data-start=\"5565\" data-end=\"5622\"><br \/>Indispensable pour pr\u00e9venir l\u2019inflam\u2019aging et les taches.<\/p><h2 data-start=\"5629\" data-end=\"5687\"><strong data-start=\"5631\" data-end=\"5687\">Pourquoi choisir Lucia Rapetti pour une peau jeune ?<\/strong><\/h2><p data-start=\"5689\" data-end=\"5731\"><br \/>Les soins Lucia Rapetti sont con\u00e7us pour :<\/p><ul data-start=\"5733\" data-end=\"5975\"><li data-start=\"5733\" data-end=\"5776\"><p data-start=\"5735\" data-end=\"5776\"><strong data-start=\"5735\" data-end=\"5773\">respecter totalement le microbiome<\/strong>,<\/p><\/li><li data-start=\"5777\" data-end=\"5815\"><p data-start=\"5779\" data-end=\"5815\"><strong data-start=\"5779\" data-end=\"5812\">renforcer la barri\u00e8re cutan\u00e9e<\/strong>,<\/p><\/li><li data-start=\"5816\" data-end=\"5859\"><p data-start=\"5818\" data-end=\"5859\"><strong data-start=\"5818\" data-end=\"5856\">apaiser les jeunes peaux r\u00e9actives<\/strong>,<\/p><\/li><li data-start=\"5860\" data-end=\"5906\"><p data-start=\"5862\" data-end=\"5906\"><strong data-start=\"5862\" data-end=\"5903\">pr\u00e9venir les premiers signes du temps<\/strong>,<\/p><\/li><li data-start=\"5907\" data-end=\"5975\"><p data-start=\"5909\" data-end=\"5975\"><strong data-start=\"5909\" data-end=\"5974\">offrir des textures fines adapt\u00e9es aux peaux mixtes ou jeunes<\/strong>.<\/p><\/li><\/ul><p data-start=\"5977\" data-end=\"6130\">Leur approche neuro-cosm\u00e9tique + microbiome-friendly les rend parfaitement adapt\u00e9s aux besoins d\u2019une peau jeune qui cherche efficacit\u00e9 <strong data-start=\"6112\" data-end=\"6129\">sans agresser<\/strong>.<\/p>\t\t\t\t\t\t\t\t<\/div>\n\t\t\t\t<\/div>\n\t\t\t\t\t<\/div>\n\t\t\t\t<\/div>\n\t\t<div class=\"elementor-element elementor-element-daa9aeb e-flex e-con-boxed e-con e-parent\" data-id=\"daa9aeb\" data-element_type=\"container\" data-e-type=\"container\">\n\t\t\t\t\t<div class=\"e-con-inner\">\n\t\t\t\t<div class=\"elementor-element elementor-element-30cc125 elementor-widget elementor-widget-n-accordion\" data-id=\"30cc125\" data-element_type=\"widget\" data-e-type=\"widget\" data-settings=\"{&quot;default_state&quot;:&quot;expanded&quot;,&quot;max_items_expended&quot;:&quot;one&quot;,&quot;n_accordion_animation_duration&quot;:{&quot;unit&quot;:&quot;ms&quot;,&quot;size&quot;:400,&quot;sizes&quot;:[]}}\" data-widget_type=\"nested-accordion.default\">\n\t\t\t\t<div class=\"elementor-widget-container\">\n\t\t\t\t\t\t\t<div class=\"e-n-accordion\" aria-label=\"Accordion. Open links with Enter or Space, close with Escape, and navigate with Arrow Keys\">\n\t\t\t\t\t\t<details id=\"e-n-accordion-item-5110\" class=\"e-n-accordion-item\" open>\n\t\t\t\t<summary class=\"e-n-accordion-item-title\" data-accordion-index=\"1\" tabindex=\"0\" aria-expanded=\"true\" aria-controls=\"e-n-accordion-item-5110\" >\n\t\t\t\t\t<span class='e-n-accordion-item-title-header'><div class=\"e-n-accordion-item-title-text\"> \u00c0 quel \u00e2ge commencer un soin postbiotique ? <\/div><\/span>\n\t\t\t\t\t\t\t<span class='e-n-accordion-item-title-icon'>\n\t\t\t<span class='e-opened' ><svg aria-hidden=\"true\" class=\"e-font-icon-svg e-fas-minus\" viewBox=\"0 0 448 512\" xmlns=\"http:\/\/www.w3.org\/2000\/svg\"><path d=\"M416 208H32c-17.67 0-32 14.33-32 32v32c0 17.67 14.33 32 32 32h384c17.67 0 32-14.33 32-32v-32c0-17.67-14.33-32-32-32z\"><\/path><\/svg><\/span>\n\t\t\t<span class='e-closed'><svg aria-hidden=\"true\" class=\"e-font-icon-svg e-fas-plus\" viewBox=\"0 0 448 512\" xmlns=\"http:\/\/www.w3.org\/2000\/svg\"><path d=\"M416 208H272V64c0-17.67-14.33-32-32-32h-32c-17.67 0-32 14.33-32 32v144H32c-17.67 0-32 14.33-32 32v32c0 17.67 14.33 32 32 32h144v144c0 17.67 14.33 32 32 32h32c17.67 0 32-14.33 32-32V304h144c17.67 0 32-14.33 32-32v-32c0-17.67-14.33-32-32-32z\"><\/path><\/svg><\/span>\n\t\t<\/span>\n\n\t\t\t\t\t\t<\/summary>\n\t\t\t\t<div role=\"region\" aria-labelledby=\"e-n-accordion-item-5110\" class=\"elementor-element elementor-element-2f5c007 e-con-full e-flex e-con e-child\" data-id=\"2f5c007\" data-element_type=\"container\" data-e-type=\"container\">\n\t\t<div role=\"region\" aria-labelledby=\"e-n-accordion-item-5110\" class=\"elementor-element elementor-element-e9d4cc4 e-flex e-con-boxed e-con e-child\" data-id=\"e9d4cc4\" data-element_type=\"container\" data-e-type=\"container\">\n\t\t\t\t\t<div class=\"e-con-inner\">\n\t\t\t\t<div class=\"elementor-element elementor-element-d136927 elementor-widget elementor-widget-text-editor\" data-id=\"d136927\" data-element_type=\"widget\" data-e-type=\"widget\" data-widget_type=\"text-editor.default\">\n\t\t\t\t<div class=\"elementor-widget-container\">\n\t\t\t\t\t\t\t\t\t<p>D\u00e8s l\u2019adolescence ou vers 20 ans, surtout si la peau est sensible, stress\u00e9e ou sujette aux imperfections.<\/p>\t\t\t\t\t\t\t\t<\/div>\n\t\t\t\t<\/div>\n\t\t\t\t\t<\/div>\n\t\t\t\t<\/div>\n\t\t\t\t<\/div>\n\t\t\t\t\t<\/details>\n\t\t\t\t\t\t<details id=\"e-n-accordion-item-5111\" class=\"e-n-accordion-item\" >\n\t\t\t\t<summary class=\"e-n-accordion-item-title\" data-accordion-index=\"2\" tabindex=\"-1\" aria-expanded=\"false\" aria-controls=\"e-n-accordion-item-5111\" >\n\t\t\t\t\t<span class='e-n-accordion-item-title-header'><div class=\"e-n-accordion-item-title-text\"> Les postbiotiques remplacent-ils les soins anti-imperfections ? <\/div><\/span>\n\t\t\t\t\t\t\t<span class='e-n-accordion-item-title-icon'>\n\t\t\t<span class='e-opened' ><svg aria-hidden=\"true\" class=\"e-font-icon-svg e-fas-minus\" viewBox=\"0 0 448 512\" xmlns=\"http:\/\/www.w3.org\/2000\/svg\"><path d=\"M416 208H32c-17.67 0-32 14.33-32 32v32c0 17.67 14.33 32 32 32h384c17.67 0 32-14.33 32-32v-32c0-17.67-14.33-32-32-32z\"><\/path><\/svg><\/span>\n\t\t\t<span class='e-closed'><svg aria-hidden=\"true\" class=\"e-font-icon-svg e-fas-plus\" viewBox=\"0 0 448 512\" xmlns=\"http:\/\/www.w3.org\/2000\/svg\"><path d=\"M416 208H272V64c0-17.67-14.33-32-32-32h-32c-17.67 0-32 14.33-32 32v144H32c-17.67 0-32 14.33-32 32v32c0 17.67 14.33 32 32 32h144v144c0 17.67 14.33 32 32 32h32c17.67 0 32-14.33 32-32V304h144c17.67 0 32-14.33 32-32v-32c0-17.67-14.33-32-32-32z\"><\/path><\/svg><\/span>\n\t\t<\/span>\n\n\t\t\t\t\t\t<\/summary>\n\t\t\t\t<div role=\"region\" aria-labelledby=\"e-n-accordion-item-5111\" class=\"elementor-element elementor-element-413cc6b e-con-full e-flex e-con e-child\" data-id=\"413cc6b\" data-element_type=\"container\" data-e-type=\"container\">\n\t\t<div role=\"region\" aria-labelledby=\"e-n-accordion-item-5111\" class=\"elementor-element elementor-element-30b8dfc e-flex e-con-boxed e-con e-child\" data-id=\"30b8dfc\" data-element_type=\"container\" data-e-type=\"container\">\n\t\t\t\t\t<div class=\"e-con-inner\">\n\t\t\t\t<div class=\"elementor-element elementor-element-c438351 elementor-widget elementor-widget-text-editor\" data-id=\"c438351\" data-element_type=\"widget\" data-e-type=\"widget\" data-widget_type=\"text-editor.default\">\n\t\t\t\t<div class=\"elementor-widget-container\">\n\t\t\t\t\t\t\t\t\t<p>Non, mais ils les compl\u00e8tent parfaitement en apaisant et en renfor\u00e7ant la barri\u00e8re cutan\u00e9e.<\/p>\t\t\t\t\t\t\t\t<\/div>\n\t\t\t\t<\/div>\n\t\t\t\t\t<\/div>\n\t\t\t\t<\/div>\n\t\t\t\t<\/div>\n\t\t\t\t\t<\/details>\n\t\t\t\t\t\t<details id=\"e-n-accordion-item-5112\" class=\"e-n-accordion-item\" >\n\t\t\t\t<summary class=\"e-n-accordion-item-title\" data-accordion-index=\"3\" tabindex=\"-1\" aria-expanded=\"false\" aria-controls=\"e-n-accordion-item-5112\" >\n\t\t\t\t\t<span class='e-n-accordion-item-title-header'><div class=\"e-n-accordion-item-title-text\"> Convient-ils aux peaux mixtes \u00e0 grasses ? <\/div><\/span>\n\t\t\t\t\t\t\t<span class='e-n-accordion-item-title-icon'>\n\t\t\t<span class='e-opened' ><svg aria-hidden=\"true\" class=\"e-font-icon-svg e-fas-minus\" viewBox=\"0 0 448 512\" xmlns=\"http:\/\/www.w3.org\/2000\/svg\"><path d=\"M416 208H32c-17.67 0-32 14.33-32 32v32c0 17.67 14.33 32 32 32h384c17.67 0 32-14.33 32-32v-32c0-17.67-14.33-32-32-32z\"><\/path><\/svg><\/span>\n\t\t\t<span class='e-closed'><svg aria-hidden=\"true\" class=\"e-font-icon-svg e-fas-plus\" viewBox=\"0 0 448 512\" xmlns=\"http:\/\/www.w3.org\/2000\/svg\"><path d=\"M416 208H272V64c0-17.67-14.33-32-32-32h-32c-17.67 0-32 14.33-32 32v144H32c-17.67 0-32 14.33-32 32v32c0 17.67 14.33 32 32 32h144v144c0 17.67 14.33 32 32 32h32c17.67 0 32-14.33 32-32V304h144c17.67 0 32-14.33 32-32v-32c0-17.67-14.33-32-32-32z\"><\/path><\/svg><\/span>\n\t\t<\/span>\n\n\t\t\t\t\t\t<\/summary>\n\t\t\t\t<div role=\"region\" aria-labelledby=\"e-n-accordion-item-5112\" class=\"elementor-element elementor-element-e23cc71 e-con-full e-flex e-con e-child\" data-id=\"e23cc71\" data-element_type=\"container\" data-e-type=\"container\">\n\t\t<div role=\"region\" aria-labelledby=\"e-n-accordion-item-5112\" class=\"elementor-element elementor-element-a93ff82 e-flex e-con-boxed e-con e-child\" data-id=\"a93ff82\" data-element_type=\"container\" data-e-type=\"container\">\n\t\t\t\t\t<div class=\"e-con-inner\">\n\t\t\t\t<div class=\"elementor-element elementor-element-da7d738 elementor-widget elementor-widget-text-editor\" data-id=\"da7d738\" data-element_type=\"widget\" data-e-type=\"widget\" data-widget_type=\"text-editor.default\">\n\t\t\t\t<div class=\"elementor-widget-container\">\n\t\t\t\t\t\t\t\t\t<p>Oui, certains postbiotiques aident m\u00eame \u00e0 r\u00e9duire l\u2019apparence des pores.<\/p>\t\t\t\t\t\t\t\t<\/div>\n\t\t\t\t<\/div>\n\t\t\t\t\t<\/div>\n\t\t\t\t<\/div>\n\t\t\t\t<\/div>\n\t\t\t\t\t<\/details>\n\t\t\t\t\t\t<details id=\"e-n-accordion-item-5113\" class=\"e-n-accordion-item\" >\n\t\t\t\t<summary class=\"e-n-accordion-item-title\" data-accordion-index=\"4\" tabindex=\"-1\" aria-expanded=\"false\" aria-controls=\"e-n-accordion-item-5113\" >\n\t\t\t\t\t<span class='e-n-accordion-item-title-header'><div class=\"e-n-accordion-item-title-text\"> Peuvent-ils pr\u00e9venir le vieillissement pr\u00e9matur\u00e9 ? <\/div><\/span>\n\t\t\t\t\t\t\t<span class='e-n-accordion-item-title-icon'>\n\t\t\t<span class='e-opened' ><svg aria-hidden=\"true\" class=\"e-font-icon-svg e-fas-minus\" viewBox=\"0 0 448 512\" xmlns=\"http:\/\/www.w3.org\/2000\/svg\"><path d=\"M416 208H32c-17.67 0-32 14.33-32 32v32c0 17.67 14.33 32 32 32h384c17.67 0 32-14.33 32-32v-32c0-17.67-14.33-32-32-32z\"><\/path><\/svg><\/span>\n\t\t\t<span class='e-closed'><svg aria-hidden=\"true\" class=\"e-font-icon-svg e-fas-plus\" viewBox=\"0 0 448 512\" xmlns=\"http:\/\/www.w3.org\/2000\/svg\"><path d=\"M416 208H272V64c0-17.67-14.33-32-32-32h-32c-17.67 0-32 14.33-32 32v144H32c-17.67 0-32 14.33-32 32v32c0 17.67 14.33 32 32 32h144v144c0 17.67 14.33 32 32 32h32c17.67 0 32-14.33 32-32V304h144c17.67 0 32-14.33 32-32v-32c0-17.67-14.33-32-32-32z\"><\/path><\/svg><\/span>\n\t\t<\/span>\n\n\t\t\t\t\t\t<\/summary>\n\t\t\t\t<div role=\"region\" aria-labelledby=\"e-n-accordion-item-5113\" class=\"elementor-element elementor-element-fcb0a55 e-flex e-con-boxed e-con e-child\" data-id=\"fcb0a55\" data-element_type=\"container\" data-e-type=\"container\">\n\t\t\t\t\t<div class=\"e-con-inner\">\n\t\t<div role=\"region\" aria-labelledby=\"e-n-accordion-item-5113\" class=\"elementor-element elementor-element-ff3ff12 e-con-full e-flex e-con e-child\" data-id=\"ff3ff12\" data-element_type=\"container\" data-e-type=\"container\">\n\t\t\t\t<div class=\"elementor-element elementor-element-7382bfe elementor-widget elementor-widget-text-editor\" data-id=\"7382bfe\" data-element_type=\"widget\" data-e-type=\"widget\" data-widget_type=\"text-editor.default\">\n\t\t\t\t<div class=\"elementor-widget-container\">\n\t\t\t\t\t\t\t\t\t<p data-start=\"6692\" data-end=\"6783\">Oui, leur action anti-inflammatoire limite l\u2019inflam\u2019aging, un ph\u00e9nom\u00e8ne qui commence jeune.<\/p>\t\t\t\t\t\t\t\t<\/div>\n\t\t\t\t<\/div>\n\t\t\t\t<\/div>\n\t\t\t\t\t<\/div>\n\t\t\t\t<\/div>\n\t\t\t\t\t<\/details>\n\t\t\t\t\t<\/div>\n\t\t\t\t\t\t<\/div>\n\t\t\t\t<\/div>\n\t\t\t\t\t<\/div>\n\t\t\t\t<\/div>\n\t\t<div class=\"elementor-element elementor-element-e3cdabe e-flex e-con-boxed e-con e-parent\" data-id=\"e3cdabe\" data-element_type=\"container\" data-e-type=\"container\">\n\t\t\t\t\t<div class=\"e-con-inner\">\n\t\t\t\t<div class=\"elementor-element elementor-element-a6f8b5d elementor-widget elementor-widget-html\" data-id=\"a6f8b5d\" data-element_type=\"widget\" data-e-type=\"widget\" data-widget_type=\"html.default\">\n\t\t\t\t<div class=\"elementor-widget-container\">\n\t\t\t\t\t<script>{\n  \"@context\": \"https:\/\/schema.org\",\n  \"@type\": \"FAQPage\",\n  \"mainEntity\": [\n    {\n      \"@type\": \"Question\",\n      \"name\": \"A quel \u00e2ge peut-on utiliser un soin postbiotique pour peau jeune ?\",\n      \"acceptedAnswer\": {\n        \"@type\": \"Answer\",\n        \"text\": \"Les soins postbiotiques peuvent \u00eatre utilis\u00e9s d\u00e8s l'adolescence ou \u00e0 partir de 20 ans, notamment si la peau est sujette aux imperfections, au stress ou \u00e0 la d\u00e9shydratation.\"\n      }\n    },\n    {\n      \"@type\": \"Question\",\n      \"name\": \"Les postbiotiques aident-ils \u00e0 r\u00e9duire les imperfections d'une peau jeune ?\",\n      \"acceptedAnswer\": {\n        \"@type\": \"Answer\",\n        \"text\": \"Oui. Les postbiotiques r\u00e9\u00e9quilibrent le microbiome, apaisent les micro-inflammations et aident \u00e0 pr\u00e9venir les imperfections li\u00e9es aux hormones, au stress ou \u00e0 la pollution.\"\n      }\n    },\n    {\n      \"@type\": \"Question\",\n      \"name\": \"Les postbiotiques conviennent-ils aux peaux mixtes ou grasses ?\",\n      \"acceptedAnswer\": {\n        \"@type\": \"Answer\",\n        \"text\": \"Oui, ils conviennent tr\u00e8s bien aux peaux mixtes \u00e0 grasses. Certains postbiotiques aident m\u00eame \u00e0 resserrer l'apparence des pores et \u00e0 am\u00e9liorer l'\u00e9clat du teint.\"\n      }\n    },\n    {\n      \"@type\": \"Question\",\n      \"name\": \"Les postbiotiques peuvent-ils pr\u00e9venir le vieillissement pr\u00e9matur\u00e9 ?\",\n      \"acceptedAnswer\": {\n        \"@type\": \"Answer\",\n        \"text\": \"Oui. Gr\u00e2ce \u00e0 leur action anti-inflammatoire, les postbiotiques limitent l'inflam'aging, un processus inflammatoire pr\u00e9coce qui peut entra\u00eener un vieillissement pr\u00e9matur\u00e9.\"\n      }\n    }\n  ]\n}\n\n<\/script>\t\t\t\t<\/div>\n\t\t\t\t<\/div>\n\t\t\t\t\t<\/div>\n\t\t\t\t<\/div>\n\t\t\t\t<\/div>\n\t\t","protected":false},"excerpt":{"rendered":"<p>Pendant longtemps, les soins postbiotiques \u00e9taient r\u00e9serv\u00e9s aux peaux sensibles ou matures. Aujourd\u2019hui, les recherches montrent qu\u2019ils sont particuli\u00e8rement b\u00e9n\u00e9fiques pour les peaux jeunes : celles qui commencent \u00e0 \u00eatre expos\u00e9es au stress, \u00e0 la pollution, aux hormones, et aux premiers d\u00e9s\u00e9quilibres cutan\u00e9s. Si tu cherches un soin capable d\u2019apaiser, purifier, renforcer la barri\u00e8re cutan\u00e9e [&hellip;]<\/p>\n","protected":false},"author":1,"featured_media":4441,"comment_status":"closed","ping_status":"closed","sticky":false,"template":"","format":"standard","meta":{"_acf_changed":false,"_mo_disable_npp":"","site-sidebar-layout":"default","site-content-layout":"","ast-site-content-layout":"default","site-content-style":"default","site-sidebar-style":"default","ast-global-header-display":"","ast-banner-title-visibility":"","ast-main-header-display":"","ast-hfb-above-header-display":"","ast-hfb-below-header-display":"","ast-hfb-mobile-header-display":"","site-post-title":"","ast-breadcrumbs-content":"","ast-featured-img":"","footer-sml-layout":"","ast-disable-related-posts":"","theme-transparent-header-meta":"","adv-header-id-meta":"","stick-header-meta":"","header-above-stick-meta":"","header-main-stick-meta":"","header-below-stick-meta":"","astra-migrate-meta-layouts":"set","ast-page-background-enabled":"default","ast-page-background-meta":{"desktop":{"background-color":"var(--ast-global-color-4)","background-image":"","background-repeat":"repeat","background-position":"center center","background-size":"auto","background-attachment":"scroll","background-type":"","background-media":"","overlay-type":"","overlay-color":"","overlay-opacity":"","overlay-gradient":""},"tablet":{"background-color":"","background-image":"","background-repeat":"repeat","background-position":"center center","background-size":"auto","background-attachment":"scroll","background-type":"","background-media":"","overlay-type":"","overlay-color":"","overlay-opacity":"","overlay-gradient":""},"mobile":{"background-color":"","background-image":"","background-repeat":"repeat","background-position":"center center","background-size":"auto","background-attachment":"scroll","background-type":"","background-media":"","overlay-type":"","overlay-color":"","overlay-opacity":"","overlay-gradient":""}},"ast-content-background-meta":{"desktop":{"background-color":"var(--ast-global-color-5)","background-image":"","background-repeat":"repeat","background-position":"center center","background-size":"auto","background-attachment":"scroll","background-type":"","background-media":"","overlay-type":"","overlay-color":"","overlay-opacity":"","overlay-gradient":""},"tablet":{"background-color":"var(--ast-global-color-5)","background-image":"","background-repeat":"repeat","background-position":"center center","background-size":"auto","background-attachment":"scroll","background-type":"","background-media":"","overlay-type":"","overlay-color":"","overlay-opacity":"","overlay-gradient":""},"mobile":{"background-color":"var(--ast-global-color-5)","background-image":"","background-repeat":"repeat","background-position":"center center","background-size":"auto","background-attachment":"scroll","background-type":"","background-media":"","overlay-type":"","overlay-color":"","overlay-opacity":"","overlay-gradient":""}},"footnotes":""},"categories":[113,161],"tags":[101,103,102],"class_list":["post-6696","post","type-post","status-publish","format-standard","has-post-thumbnail","hentry","category-beaute-naturelle","category-microbiote-de-la-peau","tag-clean-beauty","tag-gammes","tag-produits"],"acf":[],"yoast_head":"<!-- This site is optimized with the Yoast SEO plugin v27.5 - https:\/\/yoast.com\/product\/yoast-seo-wordpress\/ -->\n<title>Soin postbiotique pour peau jeune | Lucia Rapetti<\/title>\n<meta name=\"description\" content=\"Les postbiotiques r\u00e9\u00e9quilibrent la peau jeune, r\u00e9duisent les imperfections, renforcent la barri\u00e8re cutan\u00e9e et r\u00e9v\u00e8lent un teint sain et lumineux.\" \/>\n<meta name=\"robots\" content=\"index, follow, max-snippet:-1, max-image-preview:large, max-video-preview:-1\" \/>\n<link rel=\"canonical\" href=\"https:\/\/lucia-rapetti.pro\/it\/blog\/trattamento-postbiotico-per-una-pelle-giovane\/\" \/>\n<meta property=\"og:locale\" content=\"it_IT\" \/>\n<meta property=\"og:type\" content=\"article\" \/>\n<meta property=\"og:title\" content=\"Soin postbiotique pour peau jeune | Lucia Rapetti\" \/>\n<meta property=\"og:description\" content=\"Les postbiotiques r\u00e9\u00e9quilibrent la peau jeune, r\u00e9duisent les imperfections, renforcent la barri\u00e8re cutan\u00e9e et r\u00e9v\u00e8lent un teint sain et lumineux.\" \/>\n<meta property=\"og:url\" content=\"https:\/\/lucia-rapetti.pro\/it\/blog\/trattamento-postbiotico-per-una-pelle-giovane\/\" \/>\n<meta property=\"og:site_name\" content=\"Lucia Rapetti Laboratoire Naturel\" \/>\n<meta property=\"article:publisher\" content=\"https:\/\/www.facebook.com\/luciarapettiofficial\" \/>\n<meta property=\"article:published_time\" content=\"2025-11-25T16:01:22+00:00\" \/>\n<meta property=\"article:modified_time\" content=\"2025-11-25T16:26:13+00:00\" \/>\n<meta property=\"og:image\" content=\"https:\/\/lucia-rapetti.pro\/wp-content\/uploads\/2024\/03\/LR-sito-PG-eug.png\" \/>\n\t<meta property=\"og:image:width\" content=\"1068\" \/>\n\t<meta property=\"og:image:height\" content=\"1300\" \/>\n\t<meta property=\"og:image:type\" content=\"image\/png\" \/>\n<meta name=\"author\" content=\"Thierry FOUQUART\" \/>\n<meta name=\"twitter:card\" content=\"summary_large_image\" \/>\n<meta name=\"twitter:label1\" content=\"Scritto da\" \/>\n\t<meta name=\"twitter:data1\" content=\"Thierry FOUQUART\" \/>\n\t<meta name=\"twitter:label2\" content=\"Tempo di lettura stimato\" \/>\n\t<meta name=\"twitter:data2\" content=\"4 minuti\" \/>\n<script type=\"application\/ld+json\" class=\"yoast-schema-graph\">{\"@context\":\"https:\\\/\\\/schema.org\",\"@graph\":[{\"@type\":\"Article\",\"@id\":\"https:\\\/\\\/lucia-rapetti.pro\\\/blog\\\/soin-postbiotique-pour-peau-jeune\\\/#article\",\"isPartOf\":{\"@id\":\"https:\\\/\\\/lucia-rapetti.pro\\\/blog\\\/soin-postbiotique-pour-peau-jeune\\\/\"},\"author\":{\"name\":\"Thierry FOUQUART\",\"@id\":\"https:\\\/\\\/lucia-rapetti.pro\\\/#\\\/schema\\\/person\\\/998552a7012c90388f667a7c785e867c\"},\"headline\":\"Soin postbiotique pour peau jeune : le guide complet pour une peau saine, \u00e9quilibr\u00e9e et lumineuse\",\"datePublished\":\"2025-11-25T16:01:22+00:00\",\"dateModified\":\"2025-11-25T16:26:13+00:00\",\"mainEntityOfPage\":{\"@id\":\"https:\\\/\\\/lucia-rapetti.pro\\\/blog\\\/soin-postbiotique-pour-peau-jeune\\\/\"},\"wordCount\":780,\"publisher\":{\"@id\":\"https:\\\/\\\/lucia-rapetti.pro\\\/#organization\"},\"image\":{\"@id\":\"https:\\\/\\\/lucia-rapetti.pro\\\/blog\\\/soin-postbiotique-pour-peau-jeune\\\/#primaryimage\"},\"thumbnailUrl\":\"https:\\\/\\\/lucia-rapetti.pro\\\/wp-content\\\/uploads\\\/2024\\\/03\\\/LR-sito-PG-eug.png\",\"keywords\":[\"Clean Beauty\",\"Gammes\",\"Produits\"],\"articleSection\":[\"Beaut\u00e9 Naturelle\",\"microbiote de la peau\"],\"inLanguage\":\"it-IT\"},{\"@type\":\"WebPage\",\"@id\":\"https:\\\/\\\/lucia-rapetti.pro\\\/blog\\\/soin-postbiotique-pour-peau-jeune\\\/\",\"url\":\"https:\\\/\\\/lucia-rapetti.pro\\\/blog\\\/soin-postbiotique-pour-peau-jeune\\\/\",\"name\":\"Soin postbiotique pour peau jeune | Lucia Rapetti\",\"isPartOf\":{\"@id\":\"https:\\\/\\\/lucia-rapetti.pro\\\/#website\"},\"primaryImageOfPage\":{\"@id\":\"https:\\\/\\\/lucia-rapetti.pro\\\/blog\\\/soin-postbiotique-pour-peau-jeune\\\/#primaryimage\"},\"image\":{\"@id\":\"https:\\\/\\\/lucia-rapetti.pro\\\/blog\\\/soin-postbiotique-pour-peau-jeune\\\/#primaryimage\"},\"thumbnailUrl\":\"https:\\\/\\\/lucia-rapetti.pro\\\/wp-content\\\/uploads\\\/2024\\\/03\\\/LR-sito-PG-eug.png\",\"datePublished\":\"2025-11-25T16:01:22+00:00\",\"dateModified\":\"2025-11-25T16:26:13+00:00\",\"description\":\"Les postbiotiques r\u00e9\u00e9quilibrent la peau jeune, r\u00e9duisent les imperfections, renforcent la barri\u00e8re cutan\u00e9e et r\u00e9v\u00e8lent un teint sain et lumineux.\",\"breadcrumb\":{\"@id\":\"https:\\\/\\\/lucia-rapetti.pro\\\/blog\\\/soin-postbiotique-pour-peau-jeune\\\/#breadcrumb\"},\"inLanguage\":\"it-IT\",\"potentialAction\":[{\"@type\":\"ReadAction\",\"target\":[\"https:\\\/\\\/lucia-rapetti.pro\\\/blog\\\/soin-postbiotique-pour-peau-jeune\\\/\"]}]},{\"@type\":\"ImageObject\",\"inLanguage\":\"it-IT\",\"@id\":\"https:\\\/\\\/lucia-rapetti.pro\\\/blog\\\/soin-postbiotique-pour-peau-jeune\\\/#primaryimage\",\"url\":\"https:\\\/\\\/lucia-rapetti.pro\\\/wp-content\\\/uploads\\\/2024\\\/03\\\/LR-sito-PG-eug.png\",\"contentUrl\":\"https:\\\/\\\/lucia-rapetti.pro\\\/wp-content\\\/uploads\\\/2024\\\/03\\\/LR-sito-PG-eug.png\",\"width\":1068,\"height\":1300,\"caption\":\"Soin postbiotique pour peau jeune\"},{\"@type\":\"BreadcrumbList\",\"@id\":\"https:\\\/\\\/lucia-rapetti.pro\\\/blog\\\/soin-postbiotique-pour-peau-jeune\\\/#breadcrumb\",\"itemListElement\":[{\"@type\":\"ListItem\",\"position\":1,\"name\":\"Accueil\",\"item\":\"https:\\\/\\\/lucia-rapetti.pro\\\/\"},{\"@type\":\"ListItem\",\"position\":2,\"name\":\"Soin postbiotique pour peau jeune : le guide complet pour une peau saine, \u00e9quilibr\u00e9e et lumineuse\"}]},{\"@type\":\"WebSite\",\"@id\":\"https:\\\/\\\/lucia-rapetti.pro\\\/#website\",\"url\":\"https:\\\/\\\/lucia-rapetti.pro\\\/\",\"name\":\"Lucia Rapetti Laboratoire Naturel pour professionnel\",\"description\":\"Laboratoire de cosm\u00e9tique naturel et beaut\u00e9 pour institut et professionnel\",\"publisher\":{\"@id\":\"https:\\\/\\\/lucia-rapetti.pro\\\/#organization\"},\"alternateName\":\"Lucia Rapetti Pro\",\"potentialAction\":[{\"@type\":\"SearchAction\",\"target\":{\"@type\":\"EntryPoint\",\"urlTemplate\":\"https:\\\/\\\/lucia-rapetti.pro\\\/?s={search_term_string}\"},\"query-input\":{\"@type\":\"PropertyValueSpecification\",\"valueRequired\":true,\"valueName\":\"search_term_string\"}}],\"inLanguage\":\"it-IT\"},{\"@type\":\"Organization\",\"@id\":\"https:\\\/\\\/lucia-rapetti.pro\\\/#organization\",\"name\":\"Lucia Rapetti Laboratoire Naturel\",\"alternateName\":\"LR Pro\",\"url\":\"https:\\\/\\\/lucia-rapetti.pro\\\/\",\"logo\":{\"@type\":\"ImageObject\",\"inLanguage\":\"it-IT\",\"@id\":\"https:\\\/\\\/lucia-rapetti.pro\\\/#\\\/schema\\\/logo\\\/image\\\/\",\"url\":\"https:\\\/\\\/lucia-rapetti.pro\\\/wp-content\\\/uploads\\\/2023\\\/04\\\/cropped-lucia-rapetti-logo-1.png\",\"contentUrl\":\"https:\\\/\\\/lucia-rapetti.pro\\\/wp-content\\\/uploads\\\/2023\\\/04\\\/cropped-lucia-rapetti-logo-1.png\",\"width\":850,\"height\":142,\"caption\":\"Lucia Rapetti Laboratoire Naturel\"},\"image\":{\"@id\":\"https:\\\/\\\/lucia-rapetti.pro\\\/#\\\/schema\\\/logo\\\/image\\\/\"},\"sameAs\":[\"https:\\\/\\\/www.facebook.com\\\/luciarapettiofficial\",\"https:\\\/\\\/www.instagram.com\\\/luciarapettiofficial\\\/\"]},{\"@type\":\"Person\",\"@id\":\"https:\\\/\\\/lucia-rapetti.pro\\\/#\\\/schema\\\/person\\\/998552a7012c90388f667a7c785e867c\",\"name\":\"Thierry FOUQUART\",\"image\":{\"@type\":\"ImageObject\",\"inLanguage\":\"it-IT\",\"@id\":\"https:\\\/\\\/secure.gravatar.com\\\/avatar\\\/27c210af2472b79045a22c67a02dc2e84d697a703065450f2ac9a83e96d5036c?s=96&d=mm&r=g\",\"url\":\"https:\\\/\\\/secure.gravatar.com\\\/avatar\\\/27c210af2472b79045a22c67a02dc2e84d697a703065450f2ac9a83e96d5036c?s=96&d=mm&r=g\",\"contentUrl\":\"https:\\\/\\\/secure.gravatar.com\\\/avatar\\\/27c210af2472b79045a22c67a02dc2e84d697a703065450f2ac9a83e96d5036c?s=96&d=mm&r=g\",\"caption\":\"Thierry FOUQUART\"},\"description\":\"Description du profil\",\"sameAs\":[\"https:\\\/\\\/client.comanddesign.com\"],\"url\":\"https:\\\/\\\/lucia-rapetti.pro\\\/it\\\/blog\\\/author\\\/comanddesign\\\/\"}]}<\/script>\n<!-- \/ Yoast SEO plugin. -->","yoast_head_json":{"title":"Trattamento postbiotico per pelli giovani | Lucia Rapetti","description":"I postbiotici riequilibrano la pelle giovane, riducono le imperfezioni, rafforzano la barriera cutanea e rivelano un colorito sano e luminoso.","robots":{"index":"index","follow":"follow","max-snippet":"max-snippet:-1","max-image-preview":"max-image-preview:large","max-video-preview":"max-video-preview:-1"},"canonical":"https:\/\/lucia-rapetti.pro\/it\/blog\/trattamento-postbiotico-per-una-pelle-giovane\/","og_locale":"it_IT","og_type":"article","og_title":"Soin postbiotique pour peau jeune | Lucia Rapetti","og_description":"Les postbiotiques r\u00e9\u00e9quilibrent la peau jeune, r\u00e9duisent les imperfections, renforcent la barri\u00e8re cutan\u00e9e et r\u00e9v\u00e8lent un teint sain et lumineux.","og_url":"https:\/\/lucia-rapetti.pro\/it\/blog\/trattamento-postbiotico-per-una-pelle-giovane\/","og_site_name":"Lucia Rapetti Laboratoire Naturel","article_publisher":"https:\/\/www.facebook.com\/luciarapettiofficial","article_published_time":"2025-11-25T16:01:22+00:00","article_modified_time":"2025-11-25T16:26:13+00:00","og_image":[{"width":1068,"height":1300,"url":"https:\/\/lucia-rapetti.pro\/wp-content\/uploads\/2024\/03\/LR-sito-PG-eug.png","type":"image\/png"}],"author":"Thierry FOUQUART","twitter_card":"summary_large_image","twitter_misc":{"Scritto da":"Thierry FOUQUART","Tempo di lettura stimato":"4 minuti"},"schema":{"@context":"https:\/\/schema.org","@graph":[{"@type":"Article","@id":"https:\/\/lucia-rapetti.pro\/blog\/soin-postbiotique-pour-peau-jeune\/#article","isPartOf":{"@id":"https:\/\/lucia-rapetti.pro\/blog\/soin-postbiotique-pour-peau-jeune\/"},"author":{"name":"Thierry FOUQUART","@id":"https:\/\/lucia-rapetti.pro\/#\/schema\/person\/998552a7012c90388f667a7c785e867c"},"headline":"Soin postbiotique pour peau jeune : le guide complet pour une peau saine, \u00e9quilibr\u00e9e et lumineuse","datePublished":"2025-11-25T16:01:22+00:00","dateModified":"2025-11-25T16:26:13+00:00","mainEntityOfPage":{"@id":"https:\/\/lucia-rapetti.pro\/blog\/soin-postbiotique-pour-peau-jeune\/"},"wordCount":780,"publisher":{"@id":"https:\/\/lucia-rapetti.pro\/#organization"},"image":{"@id":"https:\/\/lucia-rapetti.pro\/blog\/soin-postbiotique-pour-peau-jeune\/#primaryimage"},"thumbnailUrl":"https:\/\/lucia-rapetti.pro\/wp-content\/uploads\/2024\/03\/LR-sito-PG-eug.png","keywords":["Clean Beauty","Gammes","Produits"],"articleSection":["Beaut\u00e9 Naturelle","microbiote de la peau"],"inLanguage":"it-IT"},{"@type":"WebPage","@id":"https:\/\/lucia-rapetti.pro\/blog\/soin-postbiotique-pour-peau-jeune\/","url":"https:\/\/lucia-rapetti.pro\/blog\/soin-postbiotique-pour-peau-jeune\/","name":"Trattamento postbiotico per pelli giovani | Lucia Rapetti","isPartOf":{"@id":"https:\/\/lucia-rapetti.pro\/#website"},"primaryImageOfPage":{"@id":"https:\/\/lucia-rapetti.pro\/blog\/soin-postbiotique-pour-peau-jeune\/#primaryimage"},"image":{"@id":"https:\/\/lucia-rapetti.pro\/blog\/soin-postbiotique-pour-peau-jeune\/#primaryimage"},"thumbnailUrl":"https:\/\/lucia-rapetti.pro\/wp-content\/uploads\/2024\/03\/LR-sito-PG-eug.png","datePublished":"2025-11-25T16:01:22+00:00","dateModified":"2025-11-25T16:26:13+00:00","description":"I postbiotici riequilibrano la pelle giovane, riducono le imperfezioni, rafforzano la barriera cutanea e rivelano un colorito sano e luminoso.","breadcrumb":{"@id":"https:\/\/lucia-rapetti.pro\/blog\/soin-postbiotique-pour-peau-jeune\/#breadcrumb"},"inLanguage":"it-IT","potentialAction":[{"@type":"ReadAction","target":["https:\/\/lucia-rapetti.pro\/blog\/soin-postbiotique-pour-peau-jeune\/"]}]},{"@type":"ImageObject","inLanguage":"it-IT","@id":"https:\/\/lucia-rapetti.pro\/blog\/soin-postbiotique-pour-peau-jeune\/#primaryimage","url":"https:\/\/lucia-rapetti.pro\/wp-content\/uploads\/2024\/03\/LR-sito-PG-eug.png","contentUrl":"https:\/\/lucia-rapetti.pro\/wp-content\/uploads\/2024\/03\/LR-sito-PG-eug.png","width":1068,"height":1300,"caption":"Soin postbiotique pour peau jeune"},{"@type":"BreadcrumbList","@id":"https:\/\/lucia-rapetti.pro\/blog\/soin-postbiotique-pour-peau-jeune\/#breadcrumb","itemListElement":[{"@type":"ListItem","position":1,"name":"Accueil","item":"https:\/\/lucia-rapetti.pro\/"},{"@type":"ListItem","position":2,"name":"Soin postbiotique pour peau jeune : le guide complet pour une peau saine, \u00e9quilibr\u00e9e et lumineuse"}]},{"@type":"WebSite","@id":"https:\/\/lucia-rapetti.pro\/#website","url":"https:\/\/lucia-rapetti.pro\/","name":"Lucia Rapetti Laboratorio naturale per professionisti","description":"Laboratorio di cosmesi naturale e di bellezza per istituti e professionisti","publisher":{"@id":"https:\/\/lucia-rapetti.pro\/#organization"},"alternateName":"Lucia Rapetti Pro","potentialAction":[{"@type":"SearchAction","target":{"@type":"EntryPoint","urlTemplate":"https:\/\/lucia-rapetti.pro\/?s={search_term_string}"},"query-input":{"@type":"PropertyValueSpecification","valueRequired":true,"valueName":"search_term_string"}}],"inLanguage":"it-IT"},{"@type":"Organization","@id":"https:\/\/lucia-rapetti.pro\/#organization","name":"Lucia Rapetti Laboratoire Naturel","alternateName":"LR Pro","url":"https:\/\/lucia-rapetti.pro\/","logo":{"@type":"ImageObject","inLanguage":"it-IT","@id":"https:\/\/lucia-rapetti.pro\/#\/schema\/logo\/image\/","url":"https:\/\/lucia-rapetti.pro\/wp-content\/uploads\/2023\/04\/cropped-lucia-rapetti-logo-1.png","contentUrl":"https:\/\/lucia-rapetti.pro\/wp-content\/uploads\/2023\/04\/cropped-lucia-rapetti-logo-1.png","width":850,"height":142,"caption":"Lucia Rapetti Laboratoire Naturel"},"image":{"@id":"https:\/\/lucia-rapetti.pro\/#\/schema\/logo\/image\/"},"sameAs":["https:\/\/www.facebook.com\/luciarapettiofficial","https:\/\/www.instagram.com\/luciarapettiofficial\/"]},{"@type":"Person","@id":"https:\/\/lucia-rapetti.pro\/#\/schema\/person\/998552a7012c90388f667a7c785e867c","name":"Thierry FOUQUART","image":{"@type":"ImageObject","inLanguage":"it-IT","@id":"https:\/\/secure.gravatar.com\/avatar\/27c210af2472b79045a22c67a02dc2e84d697a703065450f2ac9a83e96d5036c?s=96&d=mm&r=g","url":"https:\/\/secure.gravatar.com\/avatar\/27c210af2472b79045a22c67a02dc2e84d697a703065450f2ac9a83e96d5036c?s=96&d=mm&r=g","contentUrl":"https:\/\/secure.gravatar.com\/avatar\/27c210af2472b79045a22c67a02dc2e84d697a703065450f2ac9a83e96d5036c?s=96&d=mm&r=g","caption":"Thierry FOUQUART"},"description":"Descrizione del profilo","sameAs":["https:\/\/client.comanddesign.com"],"url":"https:\/\/lucia-rapetti.pro\/it\/blog\/author\/comanddesign\/"}]}},"_links":{"self":[{"href":"https:\/\/lucia-rapetti.pro\/it\/wp-json\/wp\/v2\/posts\/6696","targetHints":{"allow":["GET"]}}],"collection":[{"href":"https:\/\/lucia-rapetti.pro\/it\/wp-json\/wp\/v2\/posts"}],"about":[{"href":"https:\/\/lucia-rapetti.pro\/it\/wp-json\/wp\/v2\/types\/post"}],"author":[{"embeddable":true,"href":"https:\/\/lucia-rapetti.pro\/it\/wp-json\/wp\/v2\/users\/1"}],"replies":[{"embeddable":true,"href":"https:\/\/lucia-rapetti.pro\/it\/wp-json\/wp\/v2\/comments?post=6696"}],"version-history":[{"count":26,"href":"https:\/\/lucia-rapetti.pro\/it\/wp-json\/wp\/v2\/posts\/6696\/revisions"}],"predecessor-version":[{"id":6723,"href":"https:\/\/lucia-rapetti.pro\/it\/wp-json\/wp\/v2\/posts\/6696\/revisions\/6723"}],"wp:featuredmedia":[{"embeddable":true,"href":"https:\/\/lucia-rapetti.pro\/it\/wp-json\/wp\/v2\/media\/4441"}],"wp:attachment":[{"href":"https:\/\/lucia-rapetti.pro\/it\/wp-json\/wp\/v2\/media?parent=6696"}],"wp:term":[{"taxonomy":"category","embeddable":true,"href":"https:\/\/lucia-rapetti.pro\/it\/wp-json\/wp\/v2\/categories?post=6696"},{"taxonomy":"post_tag","embeddable":true,"href":"https:\/\/lucia-rapetti.pro\/it\/wp-json\/wp\/v2\/tags?post=6696"}],"curies":[{"name":"wp","href":"https:\/\/api.w.org\/{rel}","templated":true}]}}