{"id":6680,"date":"2025-11-25T16:24:32","date_gmt":"2025-11-25T15:24:32","guid":{"rendered":"https:\/\/lucia-rapetti.pro\/?p=6680"},"modified":"2025-11-25T17:30:12","modified_gmt":"2025-11-25T16:30:12","slug":"trattamento-postbiotico-per-la-pelle-a-tendenza-acneica","status":"publish","type":"post","link":"https:\/\/lucia-rapetti.pro\/it\/blog\/trattamento-postbiotico-per-la-pelle-a-tendenza-acneica\/","title":{"rendered":"Cura postbiotica per la pelle a tendenza acneica: la guida completa per una pelle riequilibrata"},"content":{"rendered":"\t\t<div data-elementor-type=\"wp-post\" data-elementor-id=\"6680\" class=\"elementor elementor-6680\" data-elementor-post-type=\"post\">\n\t\t\t\t<div class=\"elementor-element elementor-element-3b63b5bb e-flex e-con-boxed e-con e-parent\" data-id=\"3b63b5bb\" data-element_type=\"container\" data-e-type=\"container\">\n\t\t\t\t\t<div class=\"e-con-inner\">\n\t\t\t\t<div class=\"elementor-element elementor-element-15ff9d60 elementor-widget elementor-widget-text-editor\" data-id=\"15ff9d60\" data-element_type=\"widget\" data-e-type=\"widget\" data-widget_type=\"text-editor.default\">\n\t\t\t\t<div class=\"elementor-widget-container\">\n\t\t\t\t\t\t\t\t\t<p data-start=\"3961\" data-end=\"4362\">L\u2019acn\u00e9 n\u2019est pas seulement une affaire d\u2019exc\u00e8s de s\u00e9bum. Dans la majorit\u00e9 des cas, les imperfections sont le signe d\u2019un <strong data-start=\"4081\" data-end=\"4115\"><a href=\"https:\/\/lucia-rapetti.com\/microbiote-de-la-peau-cutane\/\">microbiote cutan\u00e9<\/a> d\u00e9s\u00e9quilibr\u00e9<\/strong> : un \u00e9cosyst\u00e8me vivant compos\u00e9 de bact\u00e9ries, levures et micro-organismes qui prot\u00e8gent naturellement la peau.<br data-start=\"4225\" data-end=\"4228\" \/>Quand cet \u00e9quilibre est rompu (dysbiose), les boutons se multiplient, l\u2019inflammation s\u2019installe, la peau devient sensible et r\u00e9active.<\/p><p data-start=\"4364\" data-end=\"4529\">C\u2019est l\u00e0 que les <strong data-start=\"4381\" data-end=\"4398\">postbiotiques<\/strong> entrent en jeu : des actifs innovants capables de r\u00e9tablir l\u2019harmonie du microbiome cutan\u00e9 tout en apaisant imm\u00e9diatement la peau.<\/p><h2 data-start=\"4536\" data-end=\"4573\"><strong data-start=\"4539\" data-end=\"4573\">Qu\u2019est-ce qu\u2019un postbiotique ?<\/strong><\/h2><p data-start=\"4575\" data-end=\"4745\"><br \/>Un postbiotique est un extrait issu de probiotiques inactiv\u00e9s :<br data-start=\"4638\" data-end=\"4641\" \/>\u2192 ce sont des fractions bact\u00e9riennes, peptides, enzymes ou m\u00e9tabolites produits lors de la fermentation.<\/p><p data-start=\"4747\" data-end=\"4890\">Contrairement aux probiotiques vivants, ils <strong data-start=\"4791\" data-end=\"4838\">ne pr\u00e9sentent aucun risque de contamination<\/strong>, tout en conservant <strong data-start=\"4859\" data-end=\"4886\">leurs b\u00e9n\u00e9fices cutan\u00e9s<\/strong> :<\/p><ul data-start=\"4891\" data-end=\"5016\"><li data-start=\"4891\" data-end=\"4922\"><p data-start=\"4893\" data-end=\"4922\">r\u00e9\u00e9quilibrage du microbiome<\/p><\/li><li data-start=\"4923\" data-end=\"4949\"><p data-start=\"4925\" data-end=\"4949\">modulation immunitaire<\/p><\/li><li data-start=\"4950\" data-end=\"4978\"><p data-start=\"4952\" data-end=\"4978\">effet anti-inflammatoire<\/p><\/li><li data-start=\"4979\" data-end=\"5016\"><p data-start=\"4981\" data-end=\"5016\">renforcement de la barri\u00e8re cutan\u00e9e<\/p><\/li><\/ul><p data-start=\"5018\" data-end=\"5076\">Les postbiotiques les plus utilis\u00e9s en cosm\u00e9tique sont :<\/p><ul data-start=\"5077\" data-end=\"5179\"><li data-start=\"5077\" data-end=\"5111\"><p data-start=\"5079\" data-end=\"5111\"><strong data-start=\"5079\" data-end=\"5109\">Lactococcus Ferment Lysate<\/strong><\/p><\/li><li data-start=\"5112\" data-end=\"5179\"><p data-start=\"5114\" data-end=\"5179\"><strong data-start=\"5114\" data-end=\"5139\">Bifida Ferment Lysate<\/strong><\/p><\/li><\/ul><h2 data-start=\"5186\" data-end=\"5276\"><strong data-start=\"5189\" data-end=\"5276\">Pourquoi les postbiotiques sont particuli\u00e8rement efficaces pour les peaux acn\u00e9iques<\/strong><\/h2><p data-start=\"5278\" data-end=\"5342\"><br \/>Les postbiotiques agissent sur les 4 m\u00e9canismes cl\u00e9s de l\u2019acn\u00e9 :<\/p><h3 data-start=\"5344\" data-end=\"5413\"><strong data-start=\"5348\" data-end=\"5411\">1. Ils limitent la prolif\u00e9ration des bact\u00e9ries ind\u00e9sirables<\/strong><\/h3><p data-start=\"5414\" data-end=\"5586\"><br \/>Les postbiotiques freinent la croissance des micro-organismes pathog\u00e8nes, notamment ceux impliqu\u00e9s dans l\u2019inflammation des com\u00e9dons.<\/p><h3 data-start=\"5588\" data-end=\"5638\"><strong data-start=\"5592\" data-end=\"5636\">2. Ils r\u00e9duisent l\u2019inflammation profonde<\/strong><\/h3><p data-start=\"5639\" data-end=\"5829\"><br \/>L\u2019inflammation chronique est au c\u0153ur de l\u2019acn\u00e9. Les postbiotiques envoient des signaux calmants aux cellules cutan\u00e9es, r\u00e9duisant rougeurs et douleurs.<\/p><h3 data-start=\"5831\" data-end=\"5878\"><strong data-start=\"5835\" data-end=\"5876\">3. Ils restaurent la barri\u00e8re cutan\u00e9e<\/strong><\/h3><p data-start=\"5879\" data-end=\"5927\"><br \/>Une peau acn\u00e9ique est souvent fragilis\u00e9e par :<\/p><ul data-start=\"5928\" data-end=\"6082\"><li data-start=\"5928\" data-end=\"5945\"><p data-start=\"5930\" data-end=\"5945\">sur-nettoyage<\/p><\/li><li data-start=\"5946\" data-end=\"5965\"><p data-start=\"5948\" data-end=\"5965\">soins d\u00e9capants<\/p><\/li><li data-start=\"5966\" data-end=\"5995\"><p data-start=\"5968\" data-end=\"5995\">exfoliants trop fr\u00e9quents<\/p><\/li><li data-start=\"5996\" data-end=\"6082\"><p data-start=\"5998\" data-end=\"6082\">antibiotiques<br data-start=\"6011\" data-end=\"6014\" \/>\u2192 R\u00e9sultat : elle r\u00e9agit, se d\u00e9shydrate, produit davantage de s\u00e9bum.<\/p><\/li><\/ul><p data-start=\"6084\" data-end=\"6229\">Les postbiotiques stimulent le <a href=\"https:\/\/lucia-rapetti.pro\/la-methode-globale-de-soins\/\">renouvellement cellulaire<\/a> et aident \u00e0 reconstruire les lipides essentiels.<\/p><h3 data-start=\"6231\" data-end=\"6294\"><strong data-start=\"6235\" data-end=\"6292\">4. Ils r\u00e9\u00e9quilibrent durablement le microbiome cutan\u00e9<\/strong><\/h3><p data-start=\"6295\" data-end=\"6434\"><br \/>Un microbiote \u00e9quilibr\u00e9 = moins de boutons, moins de rougeurs, moins d\u2019imperfections r\u00e9currentes.<\/p><h2 data-start=\"6441\" data-end=\"6507\"><strong data-start=\"6444\" data-end=\"6507\">Microbiote cutan\u00e9 et acn\u00e9 : un lien scientifiquement \u00e9tabli<\/strong><\/h2><p data-start=\"6509\" data-end=\"6584\"><br \/>Lorsque le microbiome est perturb\u00e9, la peau envoie des signaux visibles :<\/p><ul data-start=\"6585\" data-end=\"6739\"><li data-start=\"6585\" data-end=\"6614\"><p data-start=\"6587\" data-end=\"6614\">imperfections r\u00e9currentes<\/p><\/li><li data-start=\"6615\" data-end=\"6631\"><p data-start=\"6617\" data-end=\"6631\">inflammation<\/p><\/li><li data-start=\"6632\" data-end=\"6647\"><p data-start=\"6634\" data-end=\"6647\">sensibilit\u00e9<\/p><\/li><li data-start=\"6648\" data-end=\"6666\"><p data-start=\"6650\" data-end=\"6666\">d\u00e9shydratation<\/p><\/li><li data-start=\"6667\" data-end=\"6739\"><p data-start=\"6669\" data-end=\"6739\">zones grasses \/ zones s\u00e8ches<\/p><\/li><\/ul><p data-start=\"6741\" data-end=\"6782\">Cette dysbiose peut avoir pour causes :<\/p><ul data-start=\"6783\" data-end=\"6954\"><li data-start=\"6783\" data-end=\"6806\"><p data-start=\"6785\" data-end=\"6806\">nettoyants abrasifs<\/p><\/li><li data-start=\"6807\" data-end=\"6848\"><p data-start=\"6809\" data-end=\"6848\">cosm\u00e9tiques agressifs (pH trop \u00e9lev\u00e9)<\/p><\/li><li data-start=\"6849\" data-end=\"6889\"><p data-start=\"6851\" data-end=\"6889\">alimentation riche en sucres rapides<\/p><\/li><li data-start=\"6890\" data-end=\"6900\"><p data-start=\"6892\" data-end=\"6900\">stress<\/p><\/li><li data-start=\"6901\" data-end=\"6954\"><p data-start=\"6903\" data-end=\"6954\">pollution<\/p><\/li><\/ul><p>Les soins enrichis en postbiotiques aident pr\u00e9cis\u00e9ment \u00e0 <strong data-start=\"7013\" data-end=\"7041\">rompre ce cercle vicieux<\/strong>.<\/p><h2 data-start=\"7468\" data-end=\"7518\"><strong data-start=\"7471\" data-end=\"7518\">Routine anti-acn\u00e9 id\u00e9ale avec postbiotiques<\/strong><\/h2><h3 data-start=\"7520\" data-end=\"7565\"><strong data-start=\"7524\" data-end=\"7563\"><br \/>1. Nettoyage doux (pas de d\u00e9capage)<\/strong><\/h3><p data-start=\"7566\" data-end=\"7691\"><br \/>Une peau agress\u00e9e produit encore plus de s\u00e9bum.<br data-start=\"7613\" data-end=\"7616\" \/>Les concurrents insistent dessus.<\/p><p data-start=\"7566\" data-end=\"7691\">\u2192 privil\u00e9gier un gel non moussant, sans parfum, pH physiologique.<\/p><h3 data-start=\"7760\" data-end=\"7796\"><strong data-start=\"7764\" data-end=\"7794\">2. S\u00e9rum aux postbiotiques<\/strong><\/h3><p data-start=\"7797\" data-end=\"7815\"><br \/>\u00c9tape cl\u00e9 pour :<\/p><ul data-start=\"7816\" data-end=\"7937\"><li data-start=\"7816\" data-end=\"7844\"><p data-start=\"7818\" data-end=\"7844\">calmer les inflammations<\/p><\/li><li data-start=\"7845\" data-end=\"7875\"><p data-start=\"7847\" data-end=\"7875\">r\u00e9\u00e9quilibrer le microbiome<\/p><\/li><li data-start=\"7876\" data-end=\"7905\"><p data-start=\"7878\" data-end=\"7905\">r\u00e9duire les imperfections<\/p><\/li><li data-start=\"7906\" data-end=\"7937\"><p data-start=\"7908\" data-end=\"7937\">pr\u00e9venir les futures pouss\u00e9es<\/p><\/li><\/ul><h3 data-start=\"7939\" data-end=\"7976\"><strong data-start=\"7943\" data-end=\"7974\">3. Cr\u00e8me l\u00e9g\u00e8re r\u00e9gulatrice<\/strong><\/h3><p data-start=\"7977\" data-end=\"8067\"><br \/>M\u00eame les peaux grasses ont besoin d\u2019hydratation.<\/p><h3 data-start=\"8069\" data-end=\"8102\"><strong data-start=\"8073\" data-end=\"8100\">4. Soin cibl\u00e9 si besoin<\/strong><\/h3><p data-start=\"8103\" data-end=\"8182\"><br \/>Acide salicylique, niacinamide, zinc\u2026<\/p><h3 data-start=\"8184\" data-end=\"8215\"><strong data-start=\"8188\" data-end=\"8213\">5. Protection solaire<\/strong><\/h3><p data-start=\"8216\" data-end=\"8269\"><br \/>Indispensable pour \u00e9viter les marques post-acn\u00e9iques.<\/p><h2 data-start=\"8276\" data-end=\"8375\"><strong data-start=\"8279\" data-end=\"8375\">Pourquoi les soins Lucia Rapetti sont particuli\u00e8rement adapt\u00e9s aux peaux \u00e0 tendance acn\u00e9ique<\/strong><\/h2><p data-start=\"8458\" data-end=\"8501\"><br \/>La philosophie Lucia Rapetti repose sur :<\/p><ul data-start=\"8502\" data-end=\"8652\"><li data-start=\"8502\" data-end=\"8536\"><p data-start=\"8504\" data-end=\"8536\"><strong data-start=\"8504\" data-end=\"8534\">actifs haute concentration<\/strong><\/p><\/li><li data-start=\"8537\" data-end=\"8571\"><p data-start=\"8539\" data-end=\"8571\"><strong data-start=\"8539\" data-end=\"8569\">formules neuro-cosm\u00e9tiques<\/strong><\/p><\/li><li data-start=\"8572\" data-end=\"8617\"><p data-start=\"8574\" data-end=\"8617\"><strong data-start=\"8574\" data-end=\"8615\">respect absolu de la barri\u00e8re cutan\u00e9e<\/strong><\/p><\/li><li data-start=\"8618\" data-end=\"8652\"><p data-start=\"8620\" data-end=\"8652\"><strong data-start=\"8620\" data-end=\"8652\">approche microbiome-friendly<\/strong><\/p><\/li><\/ul><p data-start=\"8654\" data-end=\"8952\">Un soin postbiotique Lucia Rapetti se distingue par :<br \/><br data-start=\"8707\" data-end=\"8710\" \/>\u2714 une tol\u00e9rance parfaite m\u00eame sur peau sensible<br data-start=\"8757\" data-end=\"8760\" \/>\u2714 une action anti-inflammatoire imm\u00e9diate<br data-start=\"8801\" data-end=\"8804\" \/>\u2714 un r\u00e9\u00e9quilibrage profond du microbiome<br data-start=\"8844\" data-end=\"8847\" \/>\u2714 un effet visible sur imperfections et rougeurs<br data-start=\"8895\" data-end=\"8898\" \/>\u2714 une texture fine adapt\u00e9e aux peaux mixtes et grasses<\/p>\t\t\t\t\t\t\t\t<\/div>\n\t\t\t\t<\/div>\n\t\t\t\t\t<\/div>\n\t\t\t\t<\/div>\n\t\t<div class=\"elementor-element elementor-element-daa9aeb e-flex e-con-boxed e-con e-parent\" data-id=\"daa9aeb\" data-element_type=\"container\" data-e-type=\"container\">\n\t\t\t\t\t<div class=\"e-con-inner\">\n\t\t\t\t<div class=\"elementor-element elementor-element-30cc125 elementor-widget elementor-widget-n-accordion\" data-id=\"30cc125\" data-element_type=\"widget\" data-e-type=\"widget\" data-settings=\"{&quot;default_state&quot;:&quot;expanded&quot;,&quot;max_items_expended&quot;:&quot;one&quot;,&quot;n_accordion_animation_duration&quot;:{&quot;unit&quot;:&quot;ms&quot;,&quot;size&quot;:400,&quot;sizes&quot;:[]}}\" data-widget_type=\"nested-accordion.default\">\n\t\t\t\t<div class=\"elementor-widget-container\">\n\t\t\t\t\t\t\t<div class=\"e-n-accordion\" aria-label=\"Accordion. Open links with Enter or Space, close with Escape, and navigate with Arrow Keys\">\n\t\t\t\t\t\t<details id=\"e-n-accordion-item-5110\" class=\"e-n-accordion-item\" open>\n\t\t\t\t<summary class=\"e-n-accordion-item-title\" data-accordion-index=\"1\" tabindex=\"0\" aria-expanded=\"true\" aria-controls=\"e-n-accordion-item-5110\" >\n\t\t\t\t\t<span class='e-n-accordion-item-title-header'><div class=\"e-n-accordion-item-title-text\"> Les postbiotiques remplacent-ils le zinc ? <\/div><\/span>\n\t\t\t\t\t\t\t<span class='e-n-accordion-item-title-icon'>\n\t\t\t<span class='e-opened' ><svg aria-hidden=\"true\" class=\"e-font-icon-svg e-fas-minus\" viewBox=\"0 0 448 512\" xmlns=\"http:\/\/www.w3.org\/2000\/svg\"><path d=\"M416 208H32c-17.67 0-32 14.33-32 32v32c0 17.67 14.33 32 32 32h384c17.67 0 32-14.33 32-32v-32c0-17.67-14.33-32-32-32z\"><\/path><\/svg><\/span>\n\t\t\t<span class='e-closed'><svg aria-hidden=\"true\" class=\"e-font-icon-svg e-fas-plus\" viewBox=\"0 0 448 512\" xmlns=\"http:\/\/www.w3.org\/2000\/svg\"><path d=\"M416 208H272V64c0-17.67-14.33-32-32-32h-32c-17.67 0-32 14.33-32 32v144H32c-17.67 0-32 14.33-32 32v32c0 17.67 14.33 32 32 32h144v144c0 17.67 14.33 32 32 32h32c17.67 0 32-14.33 32-32V304h144c17.67 0 32-14.33 32-32v-32c0-17.67-14.33-32-32-32z\"><\/path><\/svg><\/span>\n\t\t<\/span>\n\n\t\t\t\t\t\t<\/summary>\n\t\t\t\t<div role=\"region\" aria-labelledby=\"e-n-accordion-item-5110\" class=\"elementor-element elementor-element-2f5c007 e-con-full e-flex e-con e-child\" data-id=\"2f5c007\" data-element_type=\"container\" data-e-type=\"container\">\n\t\t<div role=\"region\" aria-labelledby=\"e-n-accordion-item-5110\" class=\"elementor-element elementor-element-e9d4cc4 e-flex e-con-boxed e-con e-child\" data-id=\"e9d4cc4\" data-element_type=\"container\" data-e-type=\"container\">\n\t\t\t\t\t<div class=\"e-con-inner\">\n\t\t\t\t<div class=\"elementor-element elementor-element-d136927 elementor-widget elementor-widget-text-editor\" data-id=\"d136927\" data-element_type=\"widget\" data-e-type=\"widget\" data-widget_type=\"text-editor.default\">\n\t\t\t\t<div class=\"elementor-widget-container\">\n\t\t\t\t\t\t\t\t\t<p>Non, ils agissent diff\u00e9remment :<br \/><br data-start=\"9102\" data-end=\"9105\" \/>\u2192 les postbiotiques calment l\u2019inflammation + \u00e9quilibrent le microbiome<br data-start=\"9175\" data-end=\"9178\" \/>\u2192 le zinc r\u00e9gule le s\u00e9bum<\/p>\t\t\t\t\t\t\t\t<\/div>\n\t\t\t\t<\/div>\n\t\t\t\t\t<\/div>\n\t\t\t\t<\/div>\n\t\t\t\t<\/div>\n\t\t\t\t\t<\/details>\n\t\t\t\t\t\t<details id=\"e-n-accordion-item-5111\" class=\"e-n-accordion-item\" >\n\t\t\t\t<summary class=\"e-n-accordion-item-title\" data-accordion-index=\"2\" tabindex=\"-1\" aria-expanded=\"false\" aria-controls=\"e-n-accordion-item-5111\" >\n\t\t\t\t\t<span class='e-n-accordion-item-title-header'><div class=\"e-n-accordion-item-title-text\"> Peut-on les utiliser en m\u00eame temps que l\u2019acide salicylique ? <\/div><\/span>\n\t\t\t\t\t\t\t<span class='e-n-accordion-item-title-icon'>\n\t\t\t<span class='e-opened' ><svg aria-hidden=\"true\" class=\"e-font-icon-svg e-fas-minus\" viewBox=\"0 0 448 512\" xmlns=\"http:\/\/www.w3.org\/2000\/svg\"><path d=\"M416 208H32c-17.67 0-32 14.33-32 32v32c0 17.67 14.33 32 32 32h384c17.67 0 32-14.33 32-32v-32c0-17.67-14.33-32-32-32z\"><\/path><\/svg><\/span>\n\t\t\t<span class='e-closed'><svg aria-hidden=\"true\" class=\"e-font-icon-svg e-fas-plus\" viewBox=\"0 0 448 512\" xmlns=\"http:\/\/www.w3.org\/2000\/svg\"><path d=\"M416 208H272V64c0-17.67-14.33-32-32-32h-32c-17.67 0-32 14.33-32 32v144H32c-17.67 0-32 14.33-32 32v32c0 17.67 14.33 32 32 32h144v144c0 17.67 14.33 32 32 32h32c17.67 0 32-14.33 32-32V304h144c17.67 0 32-14.33 32-32v-32c0-17.67-14.33-32-32-32z\"><\/path><\/svg><\/span>\n\t\t<\/span>\n\n\t\t\t\t\t\t<\/summary>\n\t\t\t\t<div role=\"region\" aria-labelledby=\"e-n-accordion-item-5111\" class=\"elementor-element elementor-element-413cc6b e-con-full e-flex e-con e-child\" data-id=\"413cc6b\" data-element_type=\"container\" data-e-type=\"container\">\n\t\t<div role=\"region\" aria-labelledby=\"e-n-accordion-item-5111\" class=\"elementor-element elementor-element-30b8dfc e-flex e-con-boxed e-con e-child\" data-id=\"30b8dfc\" data-element_type=\"container\" data-e-type=\"container\">\n\t\t\t\t\t<div class=\"e-con-inner\">\n\t\t\t\t<div class=\"elementor-element elementor-element-c438351 elementor-widget elementor-widget-text-editor\" data-id=\"c438351\" data-element_type=\"widget\" data-e-type=\"widget\" data-widget_type=\"text-editor.default\">\n\t\t\t\t<div class=\"elementor-widget-container\">\n\t\t\t\t\t\t\t\t\t<p>Oui, c\u2019est m\u00eame une synergie id\u00e9ale.<\/p>\t\t\t\t\t\t\t\t<\/div>\n\t\t\t\t<\/div>\n\t\t\t\t\t<\/div>\n\t\t\t\t<\/div>\n\t\t\t\t<\/div>\n\t\t\t\t\t<\/details>\n\t\t\t\t\t\t<details id=\"e-n-accordion-item-5112\" class=\"e-n-accordion-item\" >\n\t\t\t\t<summary class=\"e-n-accordion-item-title\" data-accordion-index=\"3\" tabindex=\"-1\" aria-expanded=\"false\" aria-controls=\"e-n-accordion-item-5112\" >\n\t\t\t\t\t<span class='e-n-accordion-item-title-header'><div class=\"e-n-accordion-item-title-text\"> Conviennent-ils aux adolescents ? <\/div><\/span>\n\t\t\t\t\t\t\t<span class='e-n-accordion-item-title-icon'>\n\t\t\t<span class='e-opened' ><svg aria-hidden=\"true\" class=\"e-font-icon-svg e-fas-minus\" viewBox=\"0 0 448 512\" xmlns=\"http:\/\/www.w3.org\/2000\/svg\"><path d=\"M416 208H32c-17.67 0-32 14.33-32 32v32c0 17.67 14.33 32 32 32h384c17.67 0 32-14.33 32-32v-32c0-17.67-14.33-32-32-32z\"><\/path><\/svg><\/span>\n\t\t\t<span class='e-closed'><svg aria-hidden=\"true\" class=\"e-font-icon-svg e-fas-plus\" viewBox=\"0 0 448 512\" xmlns=\"http:\/\/www.w3.org\/2000\/svg\"><path d=\"M416 208H272V64c0-17.67-14.33-32-32-32h-32c-17.67 0-32 14.33-32 32v144H32c-17.67 0-32 14.33-32 32v32c0 17.67 14.33 32 32 32h144v144c0 17.67 14.33 32 32 32h32c17.67 0 32-14.33 32-32V304h144c17.67 0 32-14.33 32-32v-32c0-17.67-14.33-32-32-32z\"><\/path><\/svg><\/span>\n\t\t<\/span>\n\n\t\t\t\t\t\t<\/summary>\n\t\t\t\t<div role=\"region\" aria-labelledby=\"e-n-accordion-item-5112\" class=\"elementor-element elementor-element-e23cc71 e-con-full e-flex e-con e-child\" data-id=\"e23cc71\" data-element_type=\"container\" data-e-type=\"container\">\n\t\t<div role=\"region\" aria-labelledby=\"e-n-accordion-item-5112\" class=\"elementor-element elementor-element-a93ff82 e-flex e-con-boxed e-con e-child\" data-id=\"a93ff82\" data-element_type=\"container\" data-e-type=\"container\">\n\t\t\t\t\t<div class=\"e-con-inner\">\n\t\t\t\t<div class=\"elementor-element elementor-element-da7d738 elementor-widget elementor-widget-text-editor\" data-id=\"da7d738\" data-element_type=\"widget\" data-e-type=\"widget\" data-widget_type=\"text-editor.default\">\n\t\t\t\t<div class=\"elementor-widget-container\">\n\t\t\t\t\t\t\t\t\t<p>Oui, car ils sont tr\u00e8s bien tol\u00e9r\u00e9s.<\/p>\t\t\t\t\t\t\t\t<\/div>\n\t\t\t\t<\/div>\n\t\t\t\t\t<\/div>\n\t\t\t\t<\/div>\n\t\t\t\t<\/div>\n\t\t\t\t\t<\/details>\n\t\t\t\t\t\t<details id=\"e-n-accordion-item-5113\" class=\"e-n-accordion-item\" >\n\t\t\t\t<summary class=\"e-n-accordion-item-title\" data-accordion-index=\"4\" tabindex=\"-1\" aria-expanded=\"false\" aria-controls=\"e-n-accordion-item-5113\" >\n\t\t\t\t\t<span class='e-n-accordion-item-title-header'><div class=\"e-n-accordion-item-title-text\"> Combien de temps pour voir les r\u00e9sultats ? <\/div><\/span>\n\t\t\t\t\t\t\t<span class='e-n-accordion-item-title-icon'>\n\t\t\t<span class='e-opened' ><svg aria-hidden=\"true\" class=\"e-font-icon-svg e-fas-minus\" viewBox=\"0 0 448 512\" xmlns=\"http:\/\/www.w3.org\/2000\/svg\"><path d=\"M416 208H32c-17.67 0-32 14.33-32 32v32c0 17.67 14.33 32 32 32h384c17.67 0 32-14.33 32-32v-32c0-17.67-14.33-32-32-32z\"><\/path><\/svg><\/span>\n\t\t\t<span class='e-closed'><svg aria-hidden=\"true\" class=\"e-font-icon-svg e-fas-plus\" viewBox=\"0 0 448 512\" xmlns=\"http:\/\/www.w3.org\/2000\/svg\"><path d=\"M416 208H272V64c0-17.67-14.33-32-32-32h-32c-17.67 0-32 14.33-32 32v144H32c-17.67 0-32 14.33-32 32v32c0 17.67 14.33 32 32 32h144v144c0 17.67 14.33 32 32 32h32c17.67 0 32-14.33 32-32V304h144c17.67 0 32-14.33 32-32v-32c0-17.67-14.33-32-32-32z\"><\/path><\/svg><\/span>\n\t\t<\/span>\n\n\t\t\t\t\t\t<\/summary>\n\t\t\t\t<div role=\"region\" aria-labelledby=\"e-n-accordion-item-5113\" class=\"elementor-element elementor-element-fcb0a55 e-flex e-con-boxed e-con e-child\" data-id=\"fcb0a55\" data-element_type=\"container\" data-e-type=\"container\">\n\t\t\t\t\t<div class=\"e-con-inner\">\n\t\t<div role=\"region\" aria-labelledby=\"e-n-accordion-item-5113\" class=\"elementor-element elementor-element-ff3ff12 e-con-full e-flex e-con e-child\" data-id=\"ff3ff12\" data-element_type=\"container\" data-e-type=\"container\">\n\t\t\t\t<div class=\"elementor-element elementor-element-7382bfe elementor-widget elementor-widget-text-editor\" data-id=\"7382bfe\" data-element_type=\"widget\" data-e-type=\"widget\" data-widget_type=\"text-editor.default\">\n\t\t\t\t<div class=\"elementor-widget-container\">\n\t\t\t\t\t\t\t\t\t<p>Entre 2 et 4 semaines selon l\u2019\u00e9tat initial de la barri\u00e8re cutan\u00e9e.<\/p>\t\t\t\t\t\t\t\t<\/div>\n\t\t\t\t<\/div>\n\t\t\t\t<\/div>\n\t\t\t\t\t<\/div>\n\t\t\t\t<\/div>\n\t\t\t\t\t<\/details>\n\t\t\t\t\t<\/div>\n\t\t\t\t\t\t<\/div>\n\t\t\t\t<\/div>\n\t\t\t\t\t<\/div>\n\t\t\t\t<\/div>\n\t\t<div class=\"elementor-element elementor-element-e3cdabe e-flex e-con-boxed e-con e-parent\" data-id=\"e3cdabe\" data-element_type=\"container\" data-e-type=\"container\">\n\t\t\t\t\t<div class=\"e-con-inner\">\n\t\t\t\t<div class=\"elementor-element elementor-element-a6f8b5d elementor-widget elementor-widget-html\" data-id=\"a6f8b5d\" data-element_type=\"widget\" data-e-type=\"widget\" data-widget_type=\"html.default\">\n\t\t\t\t<div class=\"elementor-widget-container\">\n\t\t\t\t\t<script>{\n  \"@context\": \"https:\/\/schema.org\",\n  \"@type\": \"FAQPage\",\n  \"mainEntity\": [\n    {\n      \"@type\": \"Question\",\n      \"name\": \"Les postbiotiques remplacent-ils le zinc pour les peaux \\u00e0 tendance acn\\u00e9ique ?\",\n      \"acceptedAnswer\": {\n        \"@type\": \"Answer\",\n        \"text\": \"Non. Les postbiotiques et le zinc n'agissent pas de la m\\u00eame fa\\u00e7on. Les postbiotiques aident surtout \\u00e0 r\\u00e9\\u00e9quilibrer le microbiote cutan\\u00e9 et \\u00e0 r\\u00e9duire l'inflammation, alors que le zinc est surtout reconnu pour r\\u00e9guler la production de s\\u00e9bum. Ils sont compl\\u00e9mentaires et peuvent \\u00eatre utilis\\u00e9s ensemble dans une routine anti-imperfections.\"\n      }\n    },\n    {\n      \"@type\": \"Question\",\n      \"name\": \"Peut-on utiliser des soins aux postbiotiques avec de l'acide salicylique ?\",\n      \"acceptedAnswer\": {\n        \"@type\": \"Answer\",\n        \"text\": \"Oui. Associer des postbiotiques \\u00e0 de l'acide salicylique est m\\u00eame une combinaison int\\u00e9ressante pour les peaux \\u00e0 tendance acn\\u00e9ique. L'acide salicylique aide \\u00e0 d\\u00e9sobstruer les pores et \\u00e0 limiter les com\\u00e9dons, tandis que les postbiotiques r\\u00e9\\u00e9quilibrent le microbiote, apaisent la peau et soutiennent la barri\\u00e8re cutan\\u00e9e.\"\n      }\n    },\n    {\n      \"@type\": \"Question\",\n      \"name\": \"Les soins aux postbiotiques conviennent-ils aux adolescents avec de l'acn\\u00e9 ?\",\n      \"acceptedAnswer\": {\n        \"@type\": \"Answer\",\n        \"text\": \"Oui, les soins formul\\u00e9s avec des postbiotiques sont g\\u00e9n\\u00e9ralement tr\\u00e8s bien tol\\u00e9r\\u00e9s et conviennent aux adolescents comme aux adultes. Ils sont particuli\\u00e8rement int\\u00e9ressants pour apaiser une peau fragilis\\u00e9e par les traitements d\\u00e9capants ou dess\\u00e9chants, tout en agissant sur les imperfections li\\u00e9es \\u00e0 l'acn\\u00e9.\"\n      }\n    },\n    {\n      \"@type\": \"Question\",\n      \"name\": \"Combien de temps faut-il pour voir les effets d'un soin postbiotique sur une peau \\u00e0 tendance acn\\u00e9ique ?\",\n      \"acceptedAnswer\": {\n        \"@type\": \"Answer\",\n        \"text\": \"Les premiers effets apaisants peuvent se ressentir d\\u00e8s les premiers jours : peau moins inconfortable, rougeurs diminu\\u00e9es. Pour une action visible sur la qualit\\u00e9 de la peau, les imperfections r\\u00e9currentes et l'\\u00e9quilibre global du microbiote cutan\\u00e9, il faut en moyenne 3 \\u00e0 4 semaines d'utilisation quotidienne, le temps d'un cycle complet de renouvellement cellulaire.\"\n      }\n    }\n  ]\n}\n<\/script>\t\t\t\t<\/div>\n\t\t\t\t<\/div>\n\t\t\t\t\t<\/div>\n\t\t\t\t<\/div>\n\t\t\t\t<\/div>\n\t\t","protected":false},"excerpt":{"rendered":"<p>L\u2019acn\u00e9 n\u2019est pas seulement une affaire d\u2019exc\u00e8s de s\u00e9bum. Dans la majorit\u00e9 des cas, les imperfections sont le signe d\u2019un microbiote cutan\u00e9 d\u00e9s\u00e9quilibr\u00e9 : un \u00e9cosyst\u00e8me vivant compos\u00e9 de bact\u00e9ries, levures et micro-organismes qui prot\u00e8gent naturellement la peau.Quand cet \u00e9quilibre est rompu (dysbiose), les boutons se multiplient, l\u2019inflammation s\u2019installe, la peau devient sensible et r\u00e9active. [&hellip;]<\/p>\n","protected":false},"author":1,"featured_media":4231,"comment_status":"closed","ping_status":"closed","sticky":false,"template":"","format":"standard","meta":{"_acf_changed":false,"_mo_disable_npp":"","site-sidebar-layout":"default","site-content-layout":"","ast-site-content-layout":"default","site-content-style":"default","site-sidebar-style":"default","ast-global-header-display":"","ast-banner-title-visibility":"","ast-main-header-display":"","ast-hfb-above-header-display":"","ast-hfb-below-header-display":"","ast-hfb-mobile-header-display":"","site-post-title":"","ast-breadcrumbs-content":"","ast-featured-img":"","footer-sml-layout":"","ast-disable-related-posts":"","theme-transparent-header-meta":"","adv-header-id-meta":"","stick-header-meta":"","header-above-stick-meta":"","header-main-stick-meta":"","header-below-stick-meta":"","astra-migrate-meta-layouts":"set","ast-page-background-enabled":"default","ast-page-background-meta":{"desktop":{"background-color":"var(--ast-global-color-4)","background-image":"","background-repeat":"repeat","background-position":"center center","background-size":"auto","background-attachment":"scroll","background-type":"","background-media":"","overlay-type":"","overlay-color":"","overlay-opacity":"","overlay-gradient":""},"tablet":{"background-color":"","background-image":"","background-repeat":"repeat","background-position":"center center","background-size":"auto","background-attachment":"scroll","background-type":"","background-media":"","overlay-type":"","overlay-color":"","overlay-opacity":"","overlay-gradient":""},"mobile":{"background-color":"","background-image":"","background-repeat":"repeat","background-position":"center center","background-size":"auto","background-attachment":"scroll","background-type":"","background-media":"","overlay-type":"","overlay-color":"","overlay-opacity":"","overlay-gradient":""}},"ast-content-background-meta":{"desktop":{"background-color":"var(--ast-global-color-5)","background-image":"","background-repeat":"repeat","background-position":"center center","background-size":"auto","background-attachment":"scroll","background-type":"","background-media":"","overlay-type":"","overlay-color":"","overlay-opacity":"","overlay-gradient":""},"tablet":{"background-color":"var(--ast-global-color-5)","background-image":"","background-repeat":"repeat","background-position":"center center","background-size":"auto","background-attachment":"scroll","background-type":"","background-media":"","overlay-type":"","overlay-color":"","overlay-opacity":"","overlay-gradient":""},"mobile":{"background-color":"var(--ast-global-color-5)","background-image":"","background-repeat":"repeat","background-position":"center center","background-size":"auto","background-attachment":"scroll","background-type":"","background-media":"","overlay-type":"","overlay-color":"","overlay-opacity":"","overlay-gradient":""}},"footnotes":""},"categories":[113,161],"tags":[101,103,102],"class_list":["post-6680","post","type-post","status-publish","format-standard","has-post-thumbnail","hentry","category-beaute-naturelle","category-microbiote-de-la-peau","tag-clean-beauty","tag-gammes","tag-produits"],"acf":[],"yoast_head":"<!-- This site is optimized with the Yoast SEO plugin v27.5 - https:\/\/yoast.com\/product\/yoast-seo-wordpress\/ -->\n<title>Soin postbiotiques peau \u00e0 tendance acn\u00e9ique | Lucia Rapetti<\/title>\n<meta name=\"description\" content=\"Les postbiotiques r\u00e9\u00e9quilibrent le microbiote, r\u00e9duisent les imperfections et apaisent les peaux \u00e0 tendance acn\u00e9ique.\" \/>\n<meta name=\"robots\" content=\"index, follow, max-snippet:-1, max-image-preview:large, max-video-preview:-1\" \/>\n<link rel=\"canonical\" href=\"https:\/\/lucia-rapetti.pro\/it\/blog\/trattamento-postbiotico-per-la-pelle-a-tendenza-acneica\/\" \/>\n<meta property=\"og:locale\" content=\"it_IT\" \/>\n<meta property=\"og:type\" content=\"article\" \/>\n<meta property=\"og:title\" content=\"Soin postbiotiques peau \u00e0 tendance acn\u00e9ique | Lucia Rapetti\" \/>\n<meta property=\"og:description\" content=\"Les postbiotiques r\u00e9\u00e9quilibrent le microbiote, r\u00e9duisent les imperfections et apaisent les peaux \u00e0 tendance acn\u00e9ique.\" \/>\n<meta property=\"og:url\" content=\"https:\/\/lucia-rapetti.pro\/it\/blog\/trattamento-postbiotico-per-la-pelle-a-tendenza-acneica\/\" \/>\n<meta property=\"og:site_name\" content=\"Lucia Rapetti Laboratoire Naturel\" \/>\n<meta property=\"article:publisher\" content=\"https:\/\/www.facebook.com\/luciarapettiofficial\" \/>\n<meta property=\"article:published_time\" content=\"2025-11-25T15:24:32+00:00\" \/>\n<meta property=\"article:modified_time\" content=\"2025-11-25T16:30:12+00:00\" \/>\n<meta property=\"og:image\" content=\"https:\/\/lucia-rapetti.pro\/wp-content\/uploads\/2024\/02\/picture-microbiote-peau-la-de.jpg\" \/>\n\t<meta property=\"og:image:width\" content=\"1200\" \/>\n\t<meta property=\"og:image:height\" content=\"800\" \/>\n\t<meta property=\"og:image:type\" content=\"image\/jpeg\" \/>\n<meta name=\"author\" content=\"Thierry FOUQUART\" \/>\n<meta name=\"twitter:card\" content=\"summary_large_image\" \/>\n<meta name=\"twitter:label1\" content=\"Scritto da\" \/>\n\t<meta name=\"twitter:data1\" content=\"Thierry FOUQUART\" \/>\n\t<meta name=\"twitter:label2\" content=\"Tempo di lettura stimato\" \/>\n\t<meta name=\"twitter:data2\" content=\"4 minuti\" \/>\n<script type=\"application\/ld+json\" class=\"yoast-schema-graph\">{\"@context\":\"https:\\\/\\\/schema.org\",\"@graph\":[{\"@type\":\"Article\",\"@id\":\"https:\\\/\\\/lucia-rapetti.pro\\\/blog\\\/soin-postbiotiques-pour-peau-a-tendance-acneique\\\/#article\",\"isPartOf\":{\"@id\":\"https:\\\/\\\/lucia-rapetti.pro\\\/blog\\\/soin-postbiotiques-pour-peau-a-tendance-acneique\\\/\"},\"author\":{\"name\":\"Thierry FOUQUART\",\"@id\":\"https:\\\/\\\/lucia-rapetti.pro\\\/#\\\/schema\\\/person\\\/998552a7012c90388f667a7c785e867c\"},\"headline\":\"Soin postbiotiques pour peau \u00e0 tendance acn\u00e9ique : le guide complet pour une peau r\u00e9\u00e9quilibr\u00e9e\",\"datePublished\":\"2025-11-25T15:24:32+00:00\",\"dateModified\":\"2025-11-25T16:30:12+00:00\",\"mainEntityOfPage\":{\"@id\":\"https:\\\/\\\/lucia-rapetti.pro\\\/blog\\\/soin-postbiotiques-pour-peau-a-tendance-acneique\\\/\"},\"wordCount\":722,\"publisher\":{\"@id\":\"https:\\\/\\\/lucia-rapetti.pro\\\/#organization\"},\"image\":{\"@id\":\"https:\\\/\\\/lucia-rapetti.pro\\\/blog\\\/soin-postbiotiques-pour-peau-a-tendance-acneique\\\/#primaryimage\"},\"thumbnailUrl\":\"https:\\\/\\\/lucia-rapetti.pro\\\/wp-content\\\/uploads\\\/2024\\\/02\\\/picture-microbiote-peau-la-de.jpg\",\"keywords\":[\"Clean Beauty\",\"Gammes\",\"Produits\"],\"articleSection\":[\"Beaut\u00e9 Naturelle\",\"microbiote de la peau\"],\"inLanguage\":\"it-IT\"},{\"@type\":\"WebPage\",\"@id\":\"https:\\\/\\\/lucia-rapetti.pro\\\/blog\\\/soin-postbiotiques-pour-peau-a-tendance-acneique\\\/\",\"url\":\"https:\\\/\\\/lucia-rapetti.pro\\\/blog\\\/soin-postbiotiques-pour-peau-a-tendance-acneique\\\/\",\"name\":\"Soin postbiotiques peau \u00e0 tendance acn\u00e9ique | Lucia Rapetti\",\"isPartOf\":{\"@id\":\"https:\\\/\\\/lucia-rapetti.pro\\\/#website\"},\"primaryImageOfPage\":{\"@id\":\"https:\\\/\\\/lucia-rapetti.pro\\\/blog\\\/soin-postbiotiques-pour-peau-a-tendance-acneique\\\/#primaryimage\"},\"image\":{\"@id\":\"https:\\\/\\\/lucia-rapetti.pro\\\/blog\\\/soin-postbiotiques-pour-peau-a-tendance-acneique\\\/#primaryimage\"},\"thumbnailUrl\":\"https:\\\/\\\/lucia-rapetti.pro\\\/wp-content\\\/uploads\\\/2024\\\/02\\\/picture-microbiote-peau-la-de.jpg\",\"datePublished\":\"2025-11-25T15:24:32+00:00\",\"dateModified\":\"2025-11-25T16:30:12+00:00\",\"description\":\"Les postbiotiques r\u00e9\u00e9quilibrent le microbiote, r\u00e9duisent les imperfections et apaisent les peaux \u00e0 tendance acn\u00e9ique.\",\"breadcrumb\":{\"@id\":\"https:\\\/\\\/lucia-rapetti.pro\\\/blog\\\/soin-postbiotiques-pour-peau-a-tendance-acneique\\\/#breadcrumb\"},\"inLanguage\":\"it-IT\",\"potentialAction\":[{\"@type\":\"ReadAction\",\"target\":[\"https:\\\/\\\/lucia-rapetti.pro\\\/blog\\\/soin-postbiotiques-pour-peau-a-tendance-acneique\\\/\"]}]},{\"@type\":\"ImageObject\",\"inLanguage\":\"it-IT\",\"@id\":\"https:\\\/\\\/lucia-rapetti.pro\\\/blog\\\/soin-postbiotiques-pour-peau-a-tendance-acneique\\\/#primaryimage\",\"url\":\"https:\\\/\\\/lucia-rapetti.pro\\\/wp-content\\\/uploads\\\/2024\\\/02\\\/picture-microbiote-peau-la-de.jpg\",\"contentUrl\":\"https:\\\/\\\/lucia-rapetti.pro\\\/wp-content\\\/uploads\\\/2024\\\/02\\\/picture-microbiote-peau-la-de.jpg\",\"width\":1200,\"height\":800,\"caption\":\"Soin postbiotiques pour peau \u00e0 tendance acn\u00e9ique\"},{\"@type\":\"BreadcrumbList\",\"@id\":\"https:\\\/\\\/lucia-rapetti.pro\\\/blog\\\/soin-postbiotiques-pour-peau-a-tendance-acneique\\\/#breadcrumb\",\"itemListElement\":[{\"@type\":\"ListItem\",\"position\":1,\"name\":\"Accueil\",\"item\":\"https:\\\/\\\/lucia-rapetti.pro\\\/\"},{\"@type\":\"ListItem\",\"position\":2,\"name\":\"Soin postbiotiques pour peau \u00e0 tendance acn\u00e9ique : le guide complet pour une peau r\u00e9\u00e9quilibr\u00e9e\"}]},{\"@type\":\"WebSite\",\"@id\":\"https:\\\/\\\/lucia-rapetti.pro\\\/#website\",\"url\":\"https:\\\/\\\/lucia-rapetti.pro\\\/\",\"name\":\"Lucia Rapetti Laboratoire Naturel pour professionnel\",\"description\":\"Laboratoire de cosm\u00e9tique naturel et beaut\u00e9 pour institut et professionnel\",\"publisher\":{\"@id\":\"https:\\\/\\\/lucia-rapetti.pro\\\/#organization\"},\"alternateName\":\"Lucia Rapetti Pro\",\"potentialAction\":[{\"@type\":\"SearchAction\",\"target\":{\"@type\":\"EntryPoint\",\"urlTemplate\":\"https:\\\/\\\/lucia-rapetti.pro\\\/?s={search_term_string}\"},\"query-input\":{\"@type\":\"PropertyValueSpecification\",\"valueRequired\":true,\"valueName\":\"search_term_string\"}}],\"inLanguage\":\"it-IT\"},{\"@type\":\"Organization\",\"@id\":\"https:\\\/\\\/lucia-rapetti.pro\\\/#organization\",\"name\":\"Lucia Rapetti Laboratoire Naturel\",\"alternateName\":\"LR Pro\",\"url\":\"https:\\\/\\\/lucia-rapetti.pro\\\/\",\"logo\":{\"@type\":\"ImageObject\",\"inLanguage\":\"it-IT\",\"@id\":\"https:\\\/\\\/lucia-rapetti.pro\\\/#\\\/schema\\\/logo\\\/image\\\/\",\"url\":\"https:\\\/\\\/lucia-rapetti.pro\\\/wp-content\\\/uploads\\\/2023\\\/04\\\/cropped-lucia-rapetti-logo-1.png\",\"contentUrl\":\"https:\\\/\\\/lucia-rapetti.pro\\\/wp-content\\\/uploads\\\/2023\\\/04\\\/cropped-lucia-rapetti-logo-1.png\",\"width\":850,\"height\":142,\"caption\":\"Lucia Rapetti Laboratoire Naturel\"},\"image\":{\"@id\":\"https:\\\/\\\/lucia-rapetti.pro\\\/#\\\/schema\\\/logo\\\/image\\\/\"},\"sameAs\":[\"https:\\\/\\\/www.facebook.com\\\/luciarapettiofficial\",\"https:\\\/\\\/www.instagram.com\\\/luciarapettiofficial\\\/\"]},{\"@type\":\"Person\",\"@id\":\"https:\\\/\\\/lucia-rapetti.pro\\\/#\\\/schema\\\/person\\\/998552a7012c90388f667a7c785e867c\",\"name\":\"Thierry FOUQUART\",\"image\":{\"@type\":\"ImageObject\",\"inLanguage\":\"it-IT\",\"@id\":\"https:\\\/\\\/secure.gravatar.com\\\/avatar\\\/27c210af2472b79045a22c67a02dc2e84d697a703065450f2ac9a83e96d5036c?s=96&d=mm&r=g\",\"url\":\"https:\\\/\\\/secure.gravatar.com\\\/avatar\\\/27c210af2472b79045a22c67a02dc2e84d697a703065450f2ac9a83e96d5036c?s=96&d=mm&r=g\",\"contentUrl\":\"https:\\\/\\\/secure.gravatar.com\\\/avatar\\\/27c210af2472b79045a22c67a02dc2e84d697a703065450f2ac9a83e96d5036c?s=96&d=mm&r=g\",\"caption\":\"Thierry FOUQUART\"},\"description\":\"Description du profil\",\"sameAs\":[\"https:\\\/\\\/client.comanddesign.com\"],\"url\":\"https:\\\/\\\/lucia-rapetti.pro\\\/it\\\/blog\\\/author\\\/comanddesign\\\/\"}]}<\/script>\n<!-- \/ Yoast SEO plugin. -->","yoast_head_json":{"title":"Trattamento postbiotico per la pelle acneica | Lucia Rapetti","description":"I postbiotici riequilibrano il microbiota, riducono le imperfezioni e leniscono la pelle a tendenza acneica.","robots":{"index":"index","follow":"follow","max-snippet":"max-snippet:-1","max-image-preview":"max-image-preview:large","max-video-preview":"max-video-preview:-1"},"canonical":"https:\/\/lucia-rapetti.pro\/it\/blog\/trattamento-postbiotico-per-la-pelle-a-tendenza-acneica\/","og_locale":"it_IT","og_type":"article","og_title":"Soin postbiotiques peau \u00e0 tendance acn\u00e9ique | Lucia Rapetti","og_description":"Les postbiotiques r\u00e9\u00e9quilibrent le microbiote, r\u00e9duisent les imperfections et apaisent les peaux \u00e0 tendance acn\u00e9ique.","og_url":"https:\/\/lucia-rapetti.pro\/it\/blog\/trattamento-postbiotico-per-la-pelle-a-tendenza-acneica\/","og_site_name":"Lucia Rapetti Laboratoire Naturel","article_publisher":"https:\/\/www.facebook.com\/luciarapettiofficial","article_published_time":"2025-11-25T15:24:32+00:00","article_modified_time":"2025-11-25T16:30:12+00:00","og_image":[{"width":1200,"height":800,"url":"https:\/\/lucia-rapetti.pro\/wp-content\/uploads\/2024\/02\/picture-microbiote-peau-la-de.jpg","type":"image\/jpeg"}],"author":"Thierry FOUQUART","twitter_card":"summary_large_image","twitter_misc":{"Scritto da":"Thierry FOUQUART","Tempo di lettura stimato":"4 minuti"},"schema":{"@context":"https:\/\/schema.org","@graph":[{"@type":"Article","@id":"https:\/\/lucia-rapetti.pro\/blog\/soin-postbiotiques-pour-peau-a-tendance-acneique\/#article","isPartOf":{"@id":"https:\/\/lucia-rapetti.pro\/blog\/soin-postbiotiques-pour-peau-a-tendance-acneique\/"},"author":{"name":"Thierry FOUQUART","@id":"https:\/\/lucia-rapetti.pro\/#\/schema\/person\/998552a7012c90388f667a7c785e867c"},"headline":"Soin postbiotiques pour peau \u00e0 tendance acn\u00e9ique : le guide complet pour une peau r\u00e9\u00e9quilibr\u00e9e","datePublished":"2025-11-25T15:24:32+00:00","dateModified":"2025-11-25T16:30:12+00:00","mainEntityOfPage":{"@id":"https:\/\/lucia-rapetti.pro\/blog\/soin-postbiotiques-pour-peau-a-tendance-acneique\/"},"wordCount":722,"publisher":{"@id":"https:\/\/lucia-rapetti.pro\/#organization"},"image":{"@id":"https:\/\/lucia-rapetti.pro\/blog\/soin-postbiotiques-pour-peau-a-tendance-acneique\/#primaryimage"},"thumbnailUrl":"https:\/\/lucia-rapetti.pro\/wp-content\/uploads\/2024\/02\/picture-microbiote-peau-la-de.jpg","keywords":["Clean Beauty","Gammes","Produits"],"articleSection":["Beaut\u00e9 Naturelle","microbiote de la peau"],"inLanguage":"it-IT"},{"@type":"WebPage","@id":"https:\/\/lucia-rapetti.pro\/blog\/soin-postbiotiques-pour-peau-a-tendance-acneique\/","url":"https:\/\/lucia-rapetti.pro\/blog\/soin-postbiotiques-pour-peau-a-tendance-acneique\/","name":"Trattamento postbiotico per la pelle acneica | Lucia Rapetti","isPartOf":{"@id":"https:\/\/lucia-rapetti.pro\/#website"},"primaryImageOfPage":{"@id":"https:\/\/lucia-rapetti.pro\/blog\/soin-postbiotiques-pour-peau-a-tendance-acneique\/#primaryimage"},"image":{"@id":"https:\/\/lucia-rapetti.pro\/blog\/soin-postbiotiques-pour-peau-a-tendance-acneique\/#primaryimage"},"thumbnailUrl":"https:\/\/lucia-rapetti.pro\/wp-content\/uploads\/2024\/02\/picture-microbiote-peau-la-de.jpg","datePublished":"2025-11-25T15:24:32+00:00","dateModified":"2025-11-25T16:30:12+00:00","description":"I postbiotici riequilibrano il microbiota, riducono le imperfezioni e leniscono la pelle a tendenza acneica.","breadcrumb":{"@id":"https:\/\/lucia-rapetti.pro\/blog\/soin-postbiotiques-pour-peau-a-tendance-acneique\/#breadcrumb"},"inLanguage":"it-IT","potentialAction":[{"@type":"ReadAction","target":["https:\/\/lucia-rapetti.pro\/blog\/soin-postbiotiques-pour-peau-a-tendance-acneique\/"]}]},{"@type":"ImageObject","inLanguage":"it-IT","@id":"https:\/\/lucia-rapetti.pro\/blog\/soin-postbiotiques-pour-peau-a-tendance-acneique\/#primaryimage","url":"https:\/\/lucia-rapetti.pro\/wp-content\/uploads\/2024\/02\/picture-microbiote-peau-la-de.jpg","contentUrl":"https:\/\/lucia-rapetti.pro\/wp-content\/uploads\/2024\/02\/picture-microbiote-peau-la-de.jpg","width":1200,"height":800,"caption":"Soin postbiotiques pour peau \u00e0 tendance acn\u00e9ique"},{"@type":"BreadcrumbList","@id":"https:\/\/lucia-rapetti.pro\/blog\/soin-postbiotiques-pour-peau-a-tendance-acneique\/#breadcrumb","itemListElement":[{"@type":"ListItem","position":1,"name":"Accueil","item":"https:\/\/lucia-rapetti.pro\/"},{"@type":"ListItem","position":2,"name":"Soin postbiotiques pour peau \u00e0 tendance acn\u00e9ique : le guide complet pour une peau r\u00e9\u00e9quilibr\u00e9e"}]},{"@type":"WebSite","@id":"https:\/\/lucia-rapetti.pro\/#website","url":"https:\/\/lucia-rapetti.pro\/","name":"Lucia Rapetti Laboratorio naturale per professionisti","description":"Laboratorio di cosmesi naturale e di bellezza per istituti e professionisti","publisher":{"@id":"https:\/\/lucia-rapetti.pro\/#organization"},"alternateName":"Lucia Rapetti Pro","potentialAction":[{"@type":"SearchAction","target":{"@type":"EntryPoint","urlTemplate":"https:\/\/lucia-rapetti.pro\/?s={search_term_string}"},"query-input":{"@type":"PropertyValueSpecification","valueRequired":true,"valueName":"search_term_string"}}],"inLanguage":"it-IT"},{"@type":"Organization","@id":"https:\/\/lucia-rapetti.pro\/#organization","name":"Lucia Rapetti Laboratoire Naturel","alternateName":"LR Pro","url":"https:\/\/lucia-rapetti.pro\/","logo":{"@type":"ImageObject","inLanguage":"it-IT","@id":"https:\/\/lucia-rapetti.pro\/#\/schema\/logo\/image\/","url":"https:\/\/lucia-rapetti.pro\/wp-content\/uploads\/2023\/04\/cropped-lucia-rapetti-logo-1.png","contentUrl":"https:\/\/lucia-rapetti.pro\/wp-content\/uploads\/2023\/04\/cropped-lucia-rapetti-logo-1.png","width":850,"height":142,"caption":"Lucia Rapetti Laboratoire Naturel"},"image":{"@id":"https:\/\/lucia-rapetti.pro\/#\/schema\/logo\/image\/"},"sameAs":["https:\/\/www.facebook.com\/luciarapettiofficial","https:\/\/www.instagram.com\/luciarapettiofficial\/"]},{"@type":"Person","@id":"https:\/\/lucia-rapetti.pro\/#\/schema\/person\/998552a7012c90388f667a7c785e867c","name":"Thierry FOUQUART","image":{"@type":"ImageObject","inLanguage":"it-IT","@id":"https:\/\/secure.gravatar.com\/avatar\/27c210af2472b79045a22c67a02dc2e84d697a703065450f2ac9a83e96d5036c?s=96&d=mm&r=g","url":"https:\/\/secure.gravatar.com\/avatar\/27c210af2472b79045a22c67a02dc2e84d697a703065450f2ac9a83e96d5036c?s=96&d=mm&r=g","contentUrl":"https:\/\/secure.gravatar.com\/avatar\/27c210af2472b79045a22c67a02dc2e84d697a703065450f2ac9a83e96d5036c?s=96&d=mm&r=g","caption":"Thierry FOUQUART"},"description":"Descrizione del profilo","sameAs":["https:\/\/client.comanddesign.com"],"url":"https:\/\/lucia-rapetti.pro\/it\/blog\/author\/comanddesign\/"}]}},"_links":{"self":[{"href":"https:\/\/lucia-rapetti.pro\/it\/wp-json\/wp\/v2\/posts\/6680","targetHints":{"allow":["GET"]}}],"collection":[{"href":"https:\/\/lucia-rapetti.pro\/it\/wp-json\/wp\/v2\/posts"}],"about":[{"href":"https:\/\/lucia-rapetti.pro\/it\/wp-json\/wp\/v2\/types\/post"}],"author":[{"embeddable":true,"href":"https:\/\/lucia-rapetti.pro\/it\/wp-json\/wp\/v2\/users\/1"}],"replies":[{"embeddable":true,"href":"https:\/\/lucia-rapetti.pro\/it\/wp-json\/wp\/v2\/comments?post=6680"}],"version-history":[{"count":16,"href":"https:\/\/lucia-rapetti.pro\/it\/wp-json\/wp\/v2\/posts\/6680\/revisions"}],"predecessor-version":[{"id":6726,"href":"https:\/\/lucia-rapetti.pro\/it\/wp-json\/wp\/v2\/posts\/6680\/revisions\/6726"}],"wp:featuredmedia":[{"embeddable":true,"href":"https:\/\/lucia-rapetti.pro\/it\/wp-json\/wp\/v2\/media\/4231"}],"wp:attachment":[{"href":"https:\/\/lucia-rapetti.pro\/it\/wp-json\/wp\/v2\/media?parent=6680"}],"wp:term":[{"taxonomy":"category","embeddable":true,"href":"https:\/\/lucia-rapetti.pro\/it\/wp-json\/wp\/v2\/categories?post=6680"},{"taxonomy":"post_tag","embeddable":true,"href":"https:\/\/lucia-rapetti.pro\/it\/wp-json\/wp\/v2\/tags?post=6680"}],"curies":[{"name":"wp","href":"https:\/\/api.w.org\/{rel}","templated":true}]}}