{"id":5515,"date":"2024-06-21T16:45:30","date_gmt":"2024-06-21T14:45:30","guid":{"rendered":"https:\/\/lucia-rapetti.pro\/?p=5515"},"modified":"2025-11-13T09:47:11","modified_gmt":"2025-11-13T08:47:11","slug":"tendenze-del-mercato-dellestetica-professionale-in-francia","status":"publish","type":"post","link":"https:\/\/lucia-rapetti.pro\/it\/blog\/tendenze-del-mercato-dellestetica-professionale-in-francia\/","title":{"rendered":"Tendenze del mercato dell'estetica professionale in Francia"},"content":{"rendered":"<div data-elementor-type=\"wp-post\" data-elementor-id=\"5515\" class=\"elementor elementor-5515\" data-elementor-post-type=\"post\">\n\t\t\t\t<div class=\"elementor-element elementor-element-3b63b5bb e-flex e-con-boxed e-con e-parent\" data-id=\"3b63b5bb\" data-element_type=\"container\" data-e-type=\"container\">\n\t\t\t\t\t<div class=\"e-con-inner\">\n\t\t\t\t<div class=\"elementor-element elementor-element-15ff9d60 elementor-widget elementor-widget-text-editor\" data-id=\"15ff9d60\" data-element_type=\"widget\" data-e-type=\"widget\" data-widget_type=\"text-editor.default\">\n\t\t\t\t<div class=\"elementor-widget-container\">\n\t\t\t\t\t\t\t\t\t<p><img fetchpriority=\"high\" decoding=\"async\" class=\"size-medium wp-image-2215 alignleft\" src=\"https:\/\/lucia-rapetti.pro\/wp-content\/uploads\/2023\/08\/LR-sito-soins-visage-2-246x300.jpg\" alt=\"\" width=\"246\" height=\"300\" srcset=\"https:\/\/lucia-rapetti.pro\/wp-content\/uploads\/2023\/08\/LR-sito-soins-visage-2-246x300.jpg 246w, https:\/\/lucia-rapetti.pro\/wp-content\/uploads\/2023\/08\/LR-sito-soins-visage-2.jpg 534w\" sizes=\"(max-width: 246px) 100vw, 246px\" \/>Il mercato dei trattamenti estetici professionali in Francia \u00e8 in continua evoluzione. Con le innovazioni tecnologiche, l'ascesa dei prodotti naturali e l'aumento delle richieste dei consumatori, i professionisti del settore devono adattarsi per rimanere competitivi. Questo articolo approfondisce le tendenze attuali che stanno influenzando <strong>cosmetici professionali<\/strong> e <strong>prodotti cosmetici per saloni di bellezza<\/strong>Il rapporto di quest'anno mette in evidenza l'ascesa della <strong>Clean Beauty<\/strong>.<\/p>\n<ol>\n<li><strong> Assistenza personalizzata: una necessit\u00e0<\/strong><\/li>\n<\/ol>\n<p><strong>1.1. Esperienza cliente su misura<\/strong><\/p>\n<p>I consumatori sono ora alla ricerca di <strong>cosmetici professionali<\/strong> che rispondono in modo specifico alle loro esigenze individuali. La personalizzazione \u00e8 diventata essenziale, sia per i prodotti anti-et\u00e0 o idratanti, sia per il trattamento di specifiche condizioni della pelle. I marchi stanno innovando sviluppando gamme di prodotti che si adattano ai diversi tipi di pelle, alle condizioni climatiche e alle preferenze personali.<\/p>\n<p><strong>1.2. Verso un approccio integrato<\/strong><\/p>\n<p>La bellezza moderna non \u00e8 pi\u00f9 solo apparenza. I saloni di bellezza stanno adottando un approccio integrato, che tiene conto del benessere generale dei clienti. I trattamenti ora combinano <strong>cosmetici per saloni di bellezza<\/strong> e tecniche di rilassamento per offrire un'esperienza completa e soddisfacente.<\/p>\n<ol start=\"2\">\n<li><strong> Nuove tecnologie per la bellezza<img decoding=\"async\" class=\"size-medium wp-image-2930 alignleft\" src=\"https:\/\/lucia-rapetti.pro\/wp-content\/uploads\/2023\/11\/LR-sito-soins-tech-300x169.jpg\" alt=\"\" width=\"300\" height=\"169\" srcset=\"https:\/\/lucia-rapetti.pro\/wp-content\/uploads\/2023\/11\/LR-sito-soins-tech-300x169.jpg 300w, https:\/\/lucia-rapetti.pro\/wp-content\/uploads\/2023\/11\/LR-sito-soins-tech-1024x576.jpg 1024w, https:\/\/lucia-rapetti.pro\/wp-content\/uploads\/2023\/11\/LR-sito-soins-tech-768x432.jpg 768w, https:\/\/lucia-rapetti.pro\/wp-content\/uploads\/2023\/11\/LR-sito-soins-tech-1536x864.jpg 1536w, https:\/\/lucia-rapetti.pro\/wp-content\/uploads\/2023\/11\/LR-sito-soins-tech-2048x1152.jpg 2048w, https:\/\/lucia-rapetti.pro\/wp-content\/uploads\/2023\/11\/LR-sito-soins-tech-600x338.jpg 600w, https:\/\/lucia-rapetti.pro\/wp-content\/uploads\/2023\/11\/LR-sito-soins-tech-1200x675.jpg 1200w\" sizes=\"(max-width: 300px) 100vw, 300px\" \/><\/strong><\/li>\n<\/ol>\n<p><strong>2.1. Trattamenti non invasivi in piena espansione<\/strong><\/p>\n<p>Innovazioni come la luce pulsata intensa (IPL), le piattaforme per il viso e per il corpo offrono trattamenti efficaci e meno invasivi. Queste tecnologie offrono risultati visibili riducendo i rischi e i tempi di recupero, attirando una clientela interessata alla sicurezza e all'efficacia.<\/p>\n<p><strong>2.2. Diagnostica cutanea digitale<\/strong><\/p>\n<p>Gli strumenti diagnostici digitali stanno rivoluzionando le pratiche degli istituti. Essi consentono <strong>fornitori di cosmetici per estetisti<\/strong> offrono analisi precise e raccomandazioni su misura. Queste tecnologie aiutano a individuare le esigenze specifiche di ogni cliente, ottimizzando l'efficacia dei trattamenti offerti.<\/p>\n<ol start=\"3\">\n<li><strong> Bellezza pulita: la rivoluzione verde<img decoding=\"async\" class=\"size-medium wp-image-1851 alignright\" src=\"https:\/\/lucia-rapetti.pro\/wp-content\/uploads\/2023\/07\/LR-sito-hp-clean-beauty-246x300.jpg\" alt=\"bellezza pulita cosmetici naturali\" width=\"246\" height=\"300\" srcset=\"https:\/\/lucia-rapetti.pro\/wp-content\/uploads\/2023\/07\/LR-sito-hp-clean-beauty-246x300.jpg 246w, https:\/\/lucia-rapetti.pro\/wp-content\/uploads\/2023\/07\/LR-sito-hp-clean-beauty.jpg 534w\" sizes=\"(max-width: 246px) 100vw, 246px\" \/><\/strong><\/li>\n<\/ol>\n<p><strong>3.1. Crescita della domanda di prodotti ecologici<\/strong><\/p>\n<p>La <strong>Clean Beauty<\/strong> sta diventando una tendenza importante. I consumatori sono alla ricerca di <strong>prodotti di bellezza per saloni di bellezza<\/strong> che uniscono efficacia ed etica, con formulazioni trasparenti e senza ingredienti controversi. La domanda di prodotti ecologici senza additivi chimici e con imballaggi sostenibili \u00e8 in continua crescita.<\/p>\n<p><strong>3.2. Trasparenza e responsabilit\u00e0<\/strong><\/p>\n<p>Il <strong>marchi cosmetici per saloni di bellezza<\/strong> devono ora essere trasparenti sulle loro formulazioni e pratiche. La bellezza pulita si concentra sull'utilizzo di ingredienti naturali, sulla riduzione dell'impronta ecologica e sulla promozione di pratiche sostenibili. I consumatori sono pi\u00f9 informati che mai e chiedono prodotti che corrispondano ai loro valori eco-responsabili.<\/p>\n<ol start=\"4\">\n<li><strong> L'impatto del digitale e dell'e-commerce<\/strong><\/li>\n<\/ol>\n<p><strong>4.1. Reti sociali e vendite online<\/strong><\/p>\n<p>Il commercio elettronico ha rivoluzionato la distribuzione di <strong>cosmetici professionali<\/strong>. I social network sono diventati canali essenziali per promuovere <strong>prodotti di bellezza per estetisti<\/strong>e coinvolgere i consumatori. La digitalizzazione ci permette di raggiungere un pubblico pi\u00f9 ampio e di migliorare l'esperienza del cliente.<\/p>\n<p><strong>4.2 Strumenti digitali per gli istituti<\/strong><\/p>\n<p>La digitalizzazione non si limita alle vendite. I sistemi di prenotazione online e le applicazioni mobili semplificano la gestione degli appuntamenti e dei servizi. Questi strumenti migliorano l'efficienza operativa e l'esperienza del cliente, facilitando la fidelizzazione.<\/p>\n<ol start=\"5\">\n<li><strong> Formazione e certificazione: competenze aggiornate<\/strong><\/li>\n<\/ol>\n<p><strong>5.1. Formazione continua: un must<img loading=\"lazy\" decoding=\"async\" class=\"size-medium wp-image-5249 alignleft\" src=\"https:\/\/lucia-rapetti.pro\/wp-content\/uploads\/2024\/03\/247264583_4848767745136045_3722173496197638817_n-300x300.jpg\" alt=\"\" width=\"300\" height=\"300\" srcset=\"https:\/\/lucia-rapetti.pro\/wp-content\/uploads\/2024\/03\/247264583_4848767745136045_3722173496197638817_n-300x300.jpg 300w, https:\/\/lucia-rapetti.pro\/wp-content\/uploads\/2024\/03\/247264583_4848767745136045_3722173496197638817_n-150x150.jpg 150w, https:\/\/lucia-rapetti.pro\/wp-content\/uploads\/2024\/03\/247264583_4848767745136045_3722173496197638817_n-12x12.jpg 12w, https:\/\/lucia-rapetti.pro\/wp-content\/uploads\/2024\/03\/247264583_4848767745136045_3722173496197638817_n.jpg 633w\" sizes=\"(max-width: 300px) 100vw, 300px\" \/><\/strong><\/p>\n<p>Per stare al passo con le ultime tendenze e tecnologie, la formazione continua \u00e8 fondamentale. Gli estetisti e i professionisti della cura della pelle devono aggiornare costantemente le loro competenze per offrire servizi di qualit\u00e0 e soddisfare le aspettative in continua evoluzione dei clienti.<\/p>\n<p><strong>5.2. Certificazioni : Una garanzia di qualit\u00e0<\/strong><\/p>\n<p>Le certificazioni professionali sono essenziali per garantire la credibilit\u00e0 dei professionisti e dei <strong>fornitori di cosmetici per estetisti<\/strong>. Assicurano che i prodotti e i servizi soddisfino gli standard pi\u00f9 elevati, garantendo la soddisfazione e la sicurezza dei clienti.<\/p>\n<p>Il settore della bellezza in Francia sta cambiando sotto l'influenza della personalizzazione, delle nuove tecnologie e della tendenza della Clean Beauty. Per rimanere competitivi, i saloni di bellezza devono integrare le nuove tecnologie nella loro offerta. <strong>cosmetici professionali<\/strong>Rispondendo alle esigenze specifiche dei clienti e impegnandosi in pratiche sostenibili, possono offrire esperienze arricchenti che combinano efficienza e rispetto per l'ambiente. Rispondendo alle esigenze specifiche dei clienti e impegnandosi in pratiche sostenibili, possono offrire esperienze arricchenti che combinano efficienza e rispetto per l'ambiente.<\/p>\t\t\t\t\t\t\t\t<\/div>\n\t\t\t\t<\/div>\n\t\t\t\t\t<\/div>\n\t\t\t\t<\/div>\n\t\t<div class=\"elementor-element elementor-element-69b497e e-flex e-con-boxed e-con e-parent\" data-id=\"69b497e\" data-element_type=\"container\" data-e-type=\"container\">\n\t\t\t\t\t<div class=\"e-con-inner\">\n\t\t\t\t\t<\/div>\n\t\t\t\t<\/div>\n\t\t<div class=\"elementor-element elementor-element-e103bb9 e-flex e-con-boxed e-con e-parent\" data-id=\"e103bb9\" data-element_type=\"container\" data-e-type=\"container\">\n\t\t\t\t\t<div class=\"e-con-inner\">\n\t\t\t\t\t<\/div>\n\t\t\t\t<\/div>\n\t\t\t\t<\/div>","protected":false},"excerpt":{"rendered":"<p>Le march\u00e9 de l&#8217;esth\u00e9tique professionnelle en France est en perp\u00e9tuelle \u00e9volution. \u00c0 l&#8217;heure o\u00f9 les innovations technologiques, la mont\u00e9e en puissance des produits naturels et les exigences accrues des consommateurs fa\u00e7onnent ce secteur, les professionnels doivent s&#8217;adapter pour rester comp\u00e9titifs. Cet article plonge dans les tendances actuelles qui influencent les cosm\u00e9tiques professionnels et les produits [&hellip;]<\/p>\n","protected":false},"author":3,"featured_media":784,"comment_status":"closed","ping_status":"closed","sticky":false,"template":"","format":"standard","meta":{"_acf_changed":false,"_mo_disable_npp":"","site-sidebar-layout":"default","site-content-layout":"","ast-site-content-layout":"default","site-content-style":"default","site-sidebar-style":"default","ast-global-header-display":"","ast-banner-title-visibility":"","ast-main-header-display":"","ast-hfb-above-header-display":"","ast-hfb-below-header-display":"","ast-hfb-mobile-header-display":"","site-post-title":"","ast-breadcrumbs-content":"","ast-featured-img":"","footer-sml-layout":"","ast-disable-related-posts":"","theme-transparent-header-meta":"","adv-header-id-meta":"","stick-header-meta":"","header-above-stick-meta":"","header-main-stick-meta":"","header-below-stick-meta":"","astra-migrate-meta-layouts":"set","ast-page-background-enabled":"default","ast-page-background-meta":{"desktop":{"background-color":"var(--ast-global-color-4)","background-image":"","background-repeat":"repeat","background-position":"center center","background-size":"auto","background-attachment":"scroll","background-type":"","background-media":"","overlay-type":"","overlay-color":"","overlay-opacity":"","overlay-gradient":""},"tablet":{"background-color":"","background-image":"","background-repeat":"repeat","background-position":"center center","background-size":"auto","background-attachment":"scroll","background-type":"","background-media":"","overlay-type":"","overlay-color":"","overlay-opacity":"","overlay-gradient":""},"mobile":{"background-color":"","background-image":"","background-repeat":"repeat","background-position":"center center","background-size":"auto","background-attachment":"scroll","background-type":"","background-media":"","overlay-type":"","overlay-color":"","overlay-opacity":"","overlay-gradient":""}},"ast-content-background-meta":{"desktop":{"background-color":"var(--ast-global-color-5)","background-image":"","background-repeat":"repeat","background-position":"center center","background-size":"auto","background-attachment":"scroll","background-type":"","background-media":"","overlay-type":"","overlay-color":"","overlay-opacity":"","overlay-gradient":""},"tablet":{"background-color":"var(--ast-global-color-5)","background-image":"","background-repeat":"repeat","background-position":"center center","background-size":"auto","background-attachment":"scroll","background-type":"","background-media":"","overlay-type":"","overlay-color":"","overlay-opacity":"","overlay-gradient":""},"mobile":{"background-color":"var(--ast-global-color-5)","background-image":"","background-repeat":"repeat","background-position":"center center","background-size":"auto","background-attachment":"scroll","background-type":"","background-media":"","overlay-type":"","overlay-color":"","overlay-opacity":"","overlay-gradient":""}},"footnotes":""},"categories":[113,161],"tags":[101,103,102],"class_list":["post-5515","post","type-post","status-publish","format-standard","has-post-thumbnail","hentry","category-beaute-naturelle","category-microbiote-de-la-peau","tag-clean-beauty","tag-gammes","tag-produits"],"acf":[],"yoast_head":"<!-- This site is optimized with the Yoast SEO plugin v27.5 - https:\/\/yoast.com\/product\/yoast-seo-wordpress\/ -->\n<title>Les Tendances du March\u00e9 Professionnel de l&#039;Esth\u00e9tique en France - Lucia Rapetti Laboratoire Naturel<\/title>\n<meta name=\"robots\" content=\"index, follow, max-snippet:-1, max-image-preview:large, max-video-preview:-1\" \/>\n<link rel=\"canonical\" href=\"https:\/\/lucia-rapetti.pro\/it\/blog\/tendenze-del-mercato-dellestetica-professionale-in-francia\/\" \/>\n<meta property=\"og:locale\" content=\"it_IT\" \/>\n<meta property=\"og:type\" content=\"article\" \/>\n<meta property=\"og:title\" content=\"Les Tendances du March\u00e9 Professionnel de l&#039;Esth\u00e9tique en France - Lucia Rapetti Laboratoire Naturel\" \/>\n<meta property=\"og:description\" content=\"Le march\u00e9 de l&#8217;esth\u00e9tique professionnelle en France est en perp\u00e9tuelle \u00e9volution. \u00c0 l&#8217;heure o\u00f9 les innovations technologiques, la mont\u00e9e en puissance des produits naturels et les exigences accrues des consommateurs fa\u00e7onnent ce secteur, les professionnels doivent s&#8217;adapter pour rester comp\u00e9titifs. Cet article plonge dans les tendances actuelles qui influencent les cosm\u00e9tiques professionnels et les produits [&hellip;]\" \/>\n<meta property=\"og:url\" content=\"https:\/\/lucia-rapetti.pro\/it\/blog\/tendenze-del-mercato-dellestetica-professionale-in-francia\/\" \/>\n<meta property=\"og:site_name\" content=\"Lucia Rapetti Laboratoire Naturel\" \/>\n<meta property=\"article:publisher\" content=\"https:\/\/www.facebook.com\/luciarapettiofficial\" \/>\n<meta property=\"article:published_time\" content=\"2024-06-21T14:45:30+00:00\" \/>\n<meta property=\"article:modified_time\" content=\"2025-11-13T08:47:11+00:00\" \/>\n<meta property=\"og:image\" content=\"https:\/\/lucia-rapetti.pro\/wp-content\/uploads\/2023\/06\/LR-sito-purifying-masque3.jpg\" \/>\n\t<meta property=\"og:image:width\" content=\"1200\" \/>\n\t<meta property=\"og:image:height\" content=\"1200\" \/>\n\t<meta property=\"og:image:type\" content=\"image\/jpeg\" \/>\n<meta name=\"author\" content=\"leandro\" \/>\n<meta name=\"twitter:card\" content=\"summary_large_image\" \/>\n<meta name=\"twitter:label1\" content=\"Scritto da\" \/>\n\t<meta name=\"twitter:data1\" content=\"leandro\" \/>\n\t<meta name=\"twitter:label2\" content=\"Tempo di lettura stimato\" \/>\n\t<meta name=\"twitter:data2\" content=\"5 minuti\" \/>\n<script type=\"application\/ld+json\" class=\"yoast-schema-graph\">{\"@context\":\"https:\\\/\\\/schema.org\",\"@graph\":[{\"@type\":\"Article\",\"@id\":\"https:\\\/\\\/lucia-rapetti.pro\\\/blog\\\/les-tendances-du-marche-professionnel-de-lesthetique-en-france\\\/#article\",\"isPartOf\":{\"@id\":\"https:\\\/\\\/lucia-rapetti.pro\\\/blog\\\/les-tendances-du-marche-professionnel-de-lesthetique-en-france\\\/\"},\"author\":{\"name\":\"leandro\",\"@id\":\"https:\\\/\\\/lucia-rapetti.pro\\\/#\\\/schema\\\/person\\\/c5e3c28057764bcb3187951a0efadcd5\"},\"headline\":\"Les Tendances du March\u00e9 Professionnel de l&#8217;Esth\u00e9tique en France\",\"datePublished\":\"2024-06-21T14:45:30+00:00\",\"dateModified\":\"2025-11-13T08:47:11+00:00\",\"mainEntityOfPage\":{\"@id\":\"https:\\\/\\\/lucia-rapetti.pro\\\/blog\\\/les-tendances-du-marche-professionnel-de-lesthetique-en-france\\\/\"},\"wordCount\":811,\"publisher\":{\"@id\":\"https:\\\/\\\/lucia-rapetti.pro\\\/#organization\"},\"image\":{\"@id\":\"https:\\\/\\\/lucia-rapetti.pro\\\/blog\\\/les-tendances-du-marche-professionnel-de-lesthetique-en-france\\\/#primaryimage\"},\"thumbnailUrl\":\"https:\\\/\\\/lucia-rapetti.pro\\\/wp-content\\\/uploads\\\/2023\\\/06\\\/LR-sito-purifying-masque3.jpg\",\"keywords\":[\"Clean Beauty\",\"Gammes\",\"Produits\"],\"articleSection\":[\"Beaut\u00e9 Naturelle\",\"microbiote de la peau\"],\"inLanguage\":\"it-IT\"},{\"@type\":\"WebPage\",\"@id\":\"https:\\\/\\\/lucia-rapetti.pro\\\/blog\\\/les-tendances-du-marche-professionnel-de-lesthetique-en-france\\\/\",\"url\":\"https:\\\/\\\/lucia-rapetti.pro\\\/blog\\\/les-tendances-du-marche-professionnel-de-lesthetique-en-france\\\/\",\"name\":\"Les Tendances du March\u00e9 Professionnel de l'Esth\u00e9tique en France - Lucia Rapetti Laboratoire Naturel\",\"isPartOf\":{\"@id\":\"https:\\\/\\\/lucia-rapetti.pro\\\/#website\"},\"primaryImageOfPage\":{\"@id\":\"https:\\\/\\\/lucia-rapetti.pro\\\/blog\\\/les-tendances-du-marche-professionnel-de-lesthetique-en-france\\\/#primaryimage\"},\"image\":{\"@id\":\"https:\\\/\\\/lucia-rapetti.pro\\\/blog\\\/les-tendances-du-marche-professionnel-de-lesthetique-en-france\\\/#primaryimage\"},\"thumbnailUrl\":\"https:\\\/\\\/lucia-rapetti.pro\\\/wp-content\\\/uploads\\\/2023\\\/06\\\/LR-sito-purifying-masque3.jpg\",\"datePublished\":\"2024-06-21T14:45:30+00:00\",\"dateModified\":\"2025-11-13T08:47:11+00:00\",\"breadcrumb\":{\"@id\":\"https:\\\/\\\/lucia-rapetti.pro\\\/blog\\\/les-tendances-du-marche-professionnel-de-lesthetique-en-france\\\/#breadcrumb\"},\"inLanguage\":\"it-IT\",\"potentialAction\":[{\"@type\":\"ReadAction\",\"target\":[\"https:\\\/\\\/lucia-rapetti.pro\\\/blog\\\/les-tendances-du-marche-professionnel-de-lesthetique-en-france\\\/\"]}]},{\"@type\":\"ImageObject\",\"inLanguage\":\"it-IT\",\"@id\":\"https:\\\/\\\/lucia-rapetti.pro\\\/blog\\\/les-tendances-du-marche-professionnel-de-lesthetique-en-france\\\/#primaryimage\",\"url\":\"https:\\\/\\\/lucia-rapetti.pro\\\/wp-content\\\/uploads\\\/2023\\\/06\\\/LR-sito-purifying-masque3.jpg\",\"contentUrl\":\"https:\\\/\\\/lucia-rapetti.pro\\\/wp-content\\\/uploads\\\/2023\\\/06\\\/LR-sito-purifying-masque3.jpg\",\"width\":1200,\"height\":1200},{\"@type\":\"BreadcrumbList\",\"@id\":\"https:\\\/\\\/lucia-rapetti.pro\\\/blog\\\/les-tendances-du-marche-professionnel-de-lesthetique-en-france\\\/#breadcrumb\",\"itemListElement\":[{\"@type\":\"ListItem\",\"position\":1,\"name\":\"Accueil\",\"item\":\"https:\\\/\\\/lucia-rapetti.pro\\\/\"},{\"@type\":\"ListItem\",\"position\":2,\"name\":\"Les Tendances du March\u00e9 Professionnel de l&#8217;Esth\u00e9tique en France\"}]},{\"@type\":\"WebSite\",\"@id\":\"https:\\\/\\\/lucia-rapetti.pro\\\/#website\",\"url\":\"https:\\\/\\\/lucia-rapetti.pro\\\/\",\"name\":\"Lucia Rapetti Laboratoire Naturel pour professionnel\",\"description\":\"Laboratoire de cosm\u00e9tique naturel et beaut\u00e9 pour institut et professionnel\",\"publisher\":{\"@id\":\"https:\\\/\\\/lucia-rapetti.pro\\\/#organization\"},\"alternateName\":\"Lucia Rapetti Pro\",\"potentialAction\":[{\"@type\":\"SearchAction\",\"target\":{\"@type\":\"EntryPoint\",\"urlTemplate\":\"https:\\\/\\\/lucia-rapetti.pro\\\/?s={search_term_string}\"},\"query-input\":{\"@type\":\"PropertyValueSpecification\",\"valueRequired\":true,\"valueName\":\"search_term_string\"}}],\"inLanguage\":\"it-IT\"},{\"@type\":\"Organization\",\"@id\":\"https:\\\/\\\/lucia-rapetti.pro\\\/#organization\",\"name\":\"Lucia Rapetti Laboratoire Naturel\",\"alternateName\":\"LR Pro\",\"url\":\"https:\\\/\\\/lucia-rapetti.pro\\\/\",\"logo\":{\"@type\":\"ImageObject\",\"inLanguage\":\"it-IT\",\"@id\":\"https:\\\/\\\/lucia-rapetti.pro\\\/#\\\/schema\\\/logo\\\/image\\\/\",\"url\":\"https:\\\/\\\/lucia-rapetti.pro\\\/wp-content\\\/uploads\\\/2023\\\/04\\\/cropped-lucia-rapetti-logo-1.png\",\"contentUrl\":\"https:\\\/\\\/lucia-rapetti.pro\\\/wp-content\\\/uploads\\\/2023\\\/04\\\/cropped-lucia-rapetti-logo-1.png\",\"width\":850,\"height\":142,\"caption\":\"Lucia Rapetti Laboratoire Naturel\"},\"image\":{\"@id\":\"https:\\\/\\\/lucia-rapetti.pro\\\/#\\\/schema\\\/logo\\\/image\\\/\"},\"sameAs\":[\"https:\\\/\\\/www.facebook.com\\\/luciarapettiofficial\",\"https:\\\/\\\/www.instagram.com\\\/luciarapettiofficial\\\/\"]},{\"@type\":\"Person\",\"@id\":\"https:\\\/\\\/lucia-rapetti.pro\\\/#\\\/schema\\\/person\\\/c5e3c28057764bcb3187951a0efadcd5\",\"name\":\"leandro\",\"image\":{\"@type\":\"ImageObject\",\"inLanguage\":\"it-IT\",\"@id\":\"https:\\\/\\\/secure.gravatar.com\\\/avatar\\\/ca845a82be97d33b727e00e637f9cab01363bb61a8e7940471b836da1e586712?s=96&d=mm&r=g\",\"url\":\"https:\\\/\\\/secure.gravatar.com\\\/avatar\\\/ca845a82be97d33b727e00e637f9cab01363bb61a8e7940471b836da1e586712?s=96&d=mm&r=g\",\"contentUrl\":\"https:\\\/\\\/secure.gravatar.com\\\/avatar\\\/ca845a82be97d33b727e00e637f9cab01363bb61a8e7940471b836da1e586712?s=96&d=mm&r=g\",\"caption\":\"leandro\"},\"url\":\"https:\\\/\\\/lucia-rapetti.pro\\\/it\\\/blog\\\/author\\\/leandro\\\/\"}]}<\/script>\n<!-- \/ Yoast SEO plugin. -->","yoast_head_json":{"title":"Tendenze del mercato dell'estetica professionale in Francia - Lucia Rapetti Laboratoire Naturel","robots":{"index":"index","follow":"follow","max-snippet":"max-snippet:-1","max-image-preview":"max-image-preview:large","max-video-preview":"max-video-preview:-1"},"canonical":"https:\/\/lucia-rapetti.pro\/it\/blog\/tendenze-del-mercato-dellestetica-professionale-in-francia\/","og_locale":"it_IT","og_type":"article","og_title":"Les Tendances du March\u00e9 Professionnel de l'Esth\u00e9tique en France - Lucia Rapetti Laboratoire Naturel","og_description":"Le march\u00e9 de l&#8217;esth\u00e9tique professionnelle en France est en perp\u00e9tuelle \u00e9volution. \u00c0 l&#8217;heure o\u00f9 les innovations technologiques, la mont\u00e9e en puissance des produits naturels et les exigences accrues des consommateurs fa\u00e7onnent ce secteur, les professionnels doivent s&#8217;adapter pour rester comp\u00e9titifs. Cet article plonge dans les tendances actuelles qui influencent les cosm\u00e9tiques professionnels et les produits [&hellip;]","og_url":"https:\/\/lucia-rapetti.pro\/it\/blog\/tendenze-del-mercato-dellestetica-professionale-in-francia\/","og_site_name":"Lucia Rapetti Laboratoire Naturel","article_publisher":"https:\/\/www.facebook.com\/luciarapettiofficial","article_published_time":"2024-06-21T14:45:30+00:00","article_modified_time":"2025-11-13T08:47:11+00:00","og_image":[{"width":1200,"height":1200,"url":"https:\/\/lucia-rapetti.pro\/wp-content\/uploads\/2023\/06\/LR-sito-purifying-masque3.jpg","type":"image\/jpeg"}],"author":"leandro","twitter_card":"summary_large_image","twitter_misc":{"Scritto da":"leandro","Tempo di lettura stimato":"5 minuti"},"schema":{"@context":"https:\/\/schema.org","@graph":[{"@type":"Article","@id":"https:\/\/lucia-rapetti.pro\/blog\/les-tendances-du-marche-professionnel-de-lesthetique-en-france\/#article","isPartOf":{"@id":"https:\/\/lucia-rapetti.pro\/blog\/les-tendances-du-marche-professionnel-de-lesthetique-en-france\/"},"author":{"name":"leandro","@id":"https:\/\/lucia-rapetti.pro\/#\/schema\/person\/c5e3c28057764bcb3187951a0efadcd5"},"headline":"Les Tendances du March\u00e9 Professionnel de l&#8217;Esth\u00e9tique en France","datePublished":"2024-06-21T14:45:30+00:00","dateModified":"2025-11-13T08:47:11+00:00","mainEntityOfPage":{"@id":"https:\/\/lucia-rapetti.pro\/blog\/les-tendances-du-marche-professionnel-de-lesthetique-en-france\/"},"wordCount":811,"publisher":{"@id":"https:\/\/lucia-rapetti.pro\/#organization"},"image":{"@id":"https:\/\/lucia-rapetti.pro\/blog\/les-tendances-du-marche-professionnel-de-lesthetique-en-france\/#primaryimage"},"thumbnailUrl":"https:\/\/lucia-rapetti.pro\/wp-content\/uploads\/2023\/06\/LR-sito-purifying-masque3.jpg","keywords":["Clean Beauty","Gammes","Produits"],"articleSection":["Beaut\u00e9 Naturelle","microbiote de la peau"],"inLanguage":"it-IT"},{"@type":"WebPage","@id":"https:\/\/lucia-rapetti.pro\/blog\/les-tendances-du-marche-professionnel-de-lesthetique-en-france\/","url":"https:\/\/lucia-rapetti.pro\/blog\/les-tendances-du-marche-professionnel-de-lesthetique-en-france\/","name":"Tendenze del mercato dell'estetica professionale in Francia - Lucia Rapetti Laboratoire Naturel","isPartOf":{"@id":"https:\/\/lucia-rapetti.pro\/#website"},"primaryImageOfPage":{"@id":"https:\/\/lucia-rapetti.pro\/blog\/les-tendances-du-marche-professionnel-de-lesthetique-en-france\/#primaryimage"},"image":{"@id":"https:\/\/lucia-rapetti.pro\/blog\/les-tendances-du-marche-professionnel-de-lesthetique-en-france\/#primaryimage"},"thumbnailUrl":"https:\/\/lucia-rapetti.pro\/wp-content\/uploads\/2023\/06\/LR-sito-purifying-masque3.jpg","datePublished":"2024-06-21T14:45:30+00:00","dateModified":"2025-11-13T08:47:11+00:00","breadcrumb":{"@id":"https:\/\/lucia-rapetti.pro\/blog\/les-tendances-du-marche-professionnel-de-lesthetique-en-france\/#breadcrumb"},"inLanguage":"it-IT","potentialAction":[{"@type":"ReadAction","target":["https:\/\/lucia-rapetti.pro\/blog\/les-tendances-du-marche-professionnel-de-lesthetique-en-france\/"]}]},{"@type":"ImageObject","inLanguage":"it-IT","@id":"https:\/\/lucia-rapetti.pro\/blog\/les-tendances-du-marche-professionnel-de-lesthetique-en-france\/#primaryimage","url":"https:\/\/lucia-rapetti.pro\/wp-content\/uploads\/2023\/06\/LR-sito-purifying-masque3.jpg","contentUrl":"https:\/\/lucia-rapetti.pro\/wp-content\/uploads\/2023\/06\/LR-sito-purifying-masque3.jpg","width":1200,"height":1200},{"@type":"BreadcrumbList","@id":"https:\/\/lucia-rapetti.pro\/blog\/les-tendances-du-marche-professionnel-de-lesthetique-en-france\/#breadcrumb","itemListElement":[{"@type":"ListItem","position":1,"name":"Accueil","item":"https:\/\/lucia-rapetti.pro\/"},{"@type":"ListItem","position":2,"name":"Les Tendances du March\u00e9 Professionnel de l&#8217;Esth\u00e9tique en France"}]},{"@type":"WebSite","@id":"https:\/\/lucia-rapetti.pro\/#website","url":"https:\/\/lucia-rapetti.pro\/","name":"Lucia Rapetti Laboratorio naturale per professionisti","description":"Laboratorio di cosmesi naturale e di bellezza per istituti e professionisti","publisher":{"@id":"https:\/\/lucia-rapetti.pro\/#organization"},"alternateName":"Lucia Rapetti Pro","potentialAction":[{"@type":"SearchAction","target":{"@type":"EntryPoint","urlTemplate":"https:\/\/lucia-rapetti.pro\/?s={search_term_string}"},"query-input":{"@type":"PropertyValueSpecification","valueRequired":true,"valueName":"search_term_string"}}],"inLanguage":"it-IT"},{"@type":"Organization","@id":"https:\/\/lucia-rapetti.pro\/#organization","name":"Lucia Rapetti Laboratoire Naturel","alternateName":"LR Pro","url":"https:\/\/lucia-rapetti.pro\/","logo":{"@type":"ImageObject","inLanguage":"it-IT","@id":"https:\/\/lucia-rapetti.pro\/#\/schema\/logo\/image\/","url":"https:\/\/lucia-rapetti.pro\/wp-content\/uploads\/2023\/04\/cropped-lucia-rapetti-logo-1.png","contentUrl":"https:\/\/lucia-rapetti.pro\/wp-content\/uploads\/2023\/04\/cropped-lucia-rapetti-logo-1.png","width":850,"height":142,"caption":"Lucia Rapetti Laboratoire Naturel"},"image":{"@id":"https:\/\/lucia-rapetti.pro\/#\/schema\/logo\/image\/"},"sameAs":["https:\/\/www.facebook.com\/luciarapettiofficial","https:\/\/www.instagram.com\/luciarapettiofficial\/"]},{"@type":"Person","@id":"https:\/\/lucia-rapetti.pro\/#\/schema\/person\/c5e3c28057764bcb3187951a0efadcd5","name":"leandro","image":{"@type":"ImageObject","inLanguage":"it-IT","@id":"https:\/\/secure.gravatar.com\/avatar\/ca845a82be97d33b727e00e637f9cab01363bb61a8e7940471b836da1e586712?s=96&d=mm&r=g","url":"https:\/\/secure.gravatar.com\/avatar\/ca845a82be97d33b727e00e637f9cab01363bb61a8e7940471b836da1e586712?s=96&d=mm&r=g","contentUrl":"https:\/\/secure.gravatar.com\/avatar\/ca845a82be97d33b727e00e637f9cab01363bb61a8e7940471b836da1e586712?s=96&d=mm&r=g","caption":"leandro"},"url":"https:\/\/lucia-rapetti.pro\/it\/blog\/author\/leandro\/"}]}},"_links":{"self":[{"href":"https:\/\/lucia-rapetti.pro\/it\/wp-json\/wp\/v2\/posts\/5515","targetHints":{"allow":["GET"]}}],"collection":[{"href":"https:\/\/lucia-rapetti.pro\/it\/wp-json\/wp\/v2\/posts"}],"about":[{"href":"https:\/\/lucia-rapetti.pro\/it\/wp-json\/wp\/v2\/types\/post"}],"author":[{"embeddable":true,"href":"https:\/\/lucia-rapetti.pro\/it\/wp-json\/wp\/v2\/users\/3"}],"replies":[{"embeddable":true,"href":"https:\/\/lucia-rapetti.pro\/it\/wp-json\/wp\/v2\/comments?post=5515"}],"version-history":[{"count":15,"href":"https:\/\/lucia-rapetti.pro\/it\/wp-json\/wp\/v2\/posts\/5515\/revisions"}],"predecessor-version":[{"id":5530,"href":"https:\/\/lucia-rapetti.pro\/it\/wp-json\/wp\/v2\/posts\/5515\/revisions\/5530"}],"wp:featuredmedia":[{"embeddable":true,"href":"https:\/\/lucia-rapetti.pro\/it\/wp-json\/wp\/v2\/media\/784"}],"wp:attachment":[{"href":"https:\/\/lucia-rapetti.pro\/it\/wp-json\/wp\/v2\/media?parent=5515"}],"wp:term":[{"taxonomy":"category","embeddable":true,"href":"https:\/\/lucia-rapetti.pro\/it\/wp-json\/wp\/v2\/categories?post=5515"},{"taxonomy":"post_tag","embeddable":true,"href":"https:\/\/lucia-rapetti.pro\/it\/wp-json\/wp\/v2\/tags?post=5515"}],"curies":[{"name":"wp","href":"https:\/\/api.w.org\/{rel}","templated":true}]}}