{"id":5453,"date":"2024-04-26T11:40:02","date_gmt":"2024-04-26T09:40:02","guid":{"rendered":"https:\/\/lucia-rapetti.pro\/?p=5453"},"modified":"2025-11-13T09:47:34","modified_gmt":"2025-11-13T08:47:34","slug":"il-microbiota-della-pelle-linsospettabile-dono-di-bellezza","status":"publish","type":"post","link":"https:\/\/lucia-rapetti.pro\/it\/blog\/il-microbiota-della-pelle-linsospettabile-dono-di-bellezza\/","title":{"rendered":"Il microbiota della pelle: l'alleato insospettabile della bellezza"},"content":{"rendered":"<div data-elementor-type=\"wp-post\" data-elementor-id=\"5453\" class=\"elementor elementor-5453\" data-elementor-post-type=\"post\">\n\t\t\t\t<div class=\"elementor-element elementor-element-3b63b5bb e-flex e-con-boxed e-con e-parent\" data-id=\"3b63b5bb\" data-element_type=\"container\" data-e-type=\"container\">\n\t\t\t\t\t<div class=\"e-con-inner\">\n\t\t\t\t<div class=\"elementor-element elementor-element-15ff9d60 elementor-widget elementor-widget-text-editor\" data-id=\"15ff9d60\" data-element_type=\"widget\" data-e-type=\"widget\" data-widget_type=\"text-editor.default\">\n\t\t\t\t<div class=\"elementor-widget-container\">\n\t\t\t\t\t\t\t\t\t\n<p>Il microbiota della pelle, quel microscopico universo brulicante di vita, \u00e8 molto pi\u00f9 di un semplice abitante della pelle. \u00c8 un partner essenziale nella battaglia quotidiana per una pelle luminosa e dall'aspetto sano. Ma cos'\u00e8 esattamente questo microbiota e perch\u00e9 \u00e8 diventato oggetto di tanto fascino nel mondo della bellezza?<\/p>\n<p><strong>Alla scoperta del microbiota della pelle: un ecosistema in ebollizione<\/strong><\/p>\n<p>Immaginate un mondo invisibile a occhio nudo, dove miliardi di microrganismi convivono in perfetta armonia sulla superficie della vostra pelle. Questo ecosistema, noto come microbiota cutaneo, \u00e8 composto da batteri, funghi e persino virus che lavorano in simbiosi per mantenere l'equilibrio e la salute della nostra epidermide. Ma questo equilibrio pu\u00f2 essere fragile e le interruzioni possono avere conseguenze disastrose per l'aspetto e la salute della pelle.<\/p>\n<p><strong>La rivoluzione della bellezza pulita: ritorno alle origini per una pelle radiosa<\/strong><\/p>\n<p>In un mondo in cui i consumatori si preoccupano sempre pi\u00f9 di ci\u00f2 che mettono sulla pelle, la tendenza della Clean Beauty sta emergendo come una ventata di aria fresca nel settore della bellezza. Privilegiando formule semplici e naturali che rispettano l'equilibrio del microbiota cutaneo, la Clean Beauty promette risultati visibili senza compromettere la salute della pelle o dell'ambiente.<\/p>\n<p><img fetchpriority=\"high\" decoding=\"async\" class=\"size-full wp-image-2293 alignleft\" src=\"https:\/\/lucia-rapetti.pro\/wp-content\/uploads\/2023\/08\/LR-sito-global-detox-icon-2.jpg\" alt=\"\" width=\"339\" height=\"339\" srcset=\"https:\/\/lucia-rapetti.pro\/wp-content\/uploads\/2023\/08\/LR-sito-global-detox-icon-2.jpg 339w, https:\/\/lucia-rapetti.pro\/wp-content\/uploads\/2023\/08\/LR-sito-global-detox-icon-2-300x300.jpg 300w, https:\/\/lucia-rapetti.pro\/wp-content\/uploads\/2023\/08\/LR-sito-global-detox-icon-2-150x150.jpg 150w, https:\/\/lucia-rapetti.pro\/wp-content\/uploads\/2023\/08\/LR-sito-global-detox-icon-2-100x100.jpg 100w\" sizes=\"(max-width: 339px) 100vw, 339px\" \/><\/p>\n<p><strong>La battaglia dei prodotti cosmetici: tra benefici e alterazioni del microbiota cutaneo<\/strong><\/p>\n<p>Ma non tutto \u00e8 roseo nel mondo dei cosmetici. Alcuni ingredienti, spesso presenti nelle formulazioni tradizionali, possono alterare il delicato equilibrio del microbiota cutaneo, provocando reazioni indesiderate come infiammazioni, acne o sensibilit\u00e0 cutanea. \u00c8 quindi fondamentale scegliere prodotti adeguati, formulati con cura per preservare la salute del nostro microbiota cutaneo.<\/p>\n<p><strong>Cura su misura per una bellezza illuminata: integrare la conoscenza del microbiota cutaneo nella routine di cura della pelle<\/strong><\/p>\n<p>Come estetiste, \u00e8 vostro dovere comprendere e integrare la conoscenza del microbiota della pelle nella nostra pratica quotidiana. Offrendo trattamenti su misura, adatti alle esigenze individuali di ogni cliente e rispettosi dell'equilibrio microbiotico, potete davvero rivoluzionare l'approccio alla bellezza e offrire ai vostri clienti un'esperienza unica e benefica per la loro pelle.<\/p>\n\t\t\t\t\t\t\t\t<\/div>\n\t\t\t\t<\/div>\n\t\t\t\t\t<\/div>\n\t\t\t\t<\/div>\n\t\t\t\t<\/div>","protected":false},"excerpt":{"rendered":"<p>Le microbiote de la peau, cet univers microscopique foisonnant de vie, est bien plus qu&#8217;un simple r\u00e9sident cutan\u00e9. C&#8217;est un partenaire essentiel dans la lutte quotidienne pour une peau radieuse et \u00e9clatante de sant\u00e9. Mais qu&#8217;est-ce exactement que ce microbiote, et pourquoi est-il devenu l&#8217;objet d&#8217;une telle fascination dans le monde de la beaut\u00e9 ? [&hellip;]<\/p>\n","protected":false},"author":3,"featured_media":2045,"comment_status":"closed","ping_status":"closed","sticky":false,"template":"","format":"standard","meta":{"_acf_changed":false,"_mo_disable_npp":"","site-sidebar-layout":"default","site-content-layout":"","ast-site-content-layout":"default","site-content-style":"default","site-sidebar-style":"default","ast-global-header-display":"","ast-banner-title-visibility":"","ast-main-header-display":"","ast-hfb-above-header-display":"","ast-hfb-below-header-display":"","ast-hfb-mobile-header-display":"","site-post-title":"","ast-breadcrumbs-content":"","ast-featured-img":"","footer-sml-layout":"","ast-disable-related-posts":"","theme-transparent-header-meta":"","adv-header-id-meta":"","stick-header-meta":"","header-above-stick-meta":"","header-main-stick-meta":"","header-below-stick-meta":"","astra-migrate-meta-layouts":"set","ast-page-background-enabled":"default","ast-page-background-meta":{"desktop":{"background-color":"var(--ast-global-color-4)","background-image":"","background-repeat":"repeat","background-position":"center center","background-size":"auto","background-attachment":"scroll","background-type":"","background-media":"","overlay-type":"","overlay-color":"","overlay-opacity":"","overlay-gradient":""},"tablet":{"background-color":"","background-image":"","background-repeat":"repeat","background-position":"center center","background-size":"auto","background-attachment":"scroll","background-type":"","background-media":"","overlay-type":"","overlay-color":"","overlay-opacity":"","overlay-gradient":""},"mobile":{"background-color":"","background-image":"","background-repeat":"repeat","background-position":"center center","background-size":"auto","background-attachment":"scroll","background-type":"","background-media":"","overlay-type":"","overlay-color":"","overlay-opacity":"","overlay-gradient":""}},"ast-content-background-meta":{"desktop":{"background-color":"var(--ast-global-color-5)","background-image":"","background-repeat":"repeat","background-position":"center center","background-size":"auto","background-attachment":"scroll","background-type":"","background-media":"","overlay-type":"","overlay-color":"","overlay-opacity":"","overlay-gradient":""},"tablet":{"background-color":"var(--ast-global-color-5)","background-image":"","background-repeat":"repeat","background-position":"center center","background-size":"auto","background-attachment":"scroll","background-type":"","background-media":"","overlay-type":"","overlay-color":"","overlay-opacity":"","overlay-gradient":""},"mobile":{"background-color":"var(--ast-global-color-5)","background-image":"","background-repeat":"repeat","background-position":"center center","background-size":"auto","background-attachment":"scroll","background-type":"","background-media":"","overlay-type":"","overlay-color":"","overlay-opacity":"","overlay-gradient":""}},"footnotes":""},"categories":[117,161],"tags":[101,103,102],"class_list":["post-5453","post","type-post","status-publish","format-standard","has-post-thumbnail","hentry","category-instituts-de-beaute","category-microbiote-de-la-peau","tag-clean-beauty","tag-gammes","tag-produits"],"acf":[],"yoast_head":"<!-- This site is optimized with the Yoast SEO plugin v27.5 - https:\/\/yoast.com\/product\/yoast-seo-wordpress\/ -->\n<title>Le Microbiote de la Peau: L&#039;Alli\u00e9 Insoup\u00e7onn\u00e9 de la Beaut\u00e9 - Lucia Rapetti Laboratoire Naturel<\/title>\n<meta name=\"robots\" content=\"index, follow, max-snippet:-1, max-image-preview:large, max-video-preview:-1\" \/>\n<link rel=\"canonical\" href=\"https:\/\/lucia-rapetti.pro\/it\/blog\/il-microbiota-della-pelle-linsospettabile-dono-di-bellezza\/\" \/>\n<meta property=\"og:locale\" content=\"it_IT\" \/>\n<meta property=\"og:type\" content=\"article\" \/>\n<meta property=\"og:title\" content=\"Le Microbiote de la Peau: L&#039;Alli\u00e9 Insoup\u00e7onn\u00e9 de la Beaut\u00e9 - Lucia Rapetti Laboratoire Naturel\" \/>\n<meta property=\"og:description\" content=\"Le microbiote de la peau, cet univers microscopique foisonnant de vie, est bien plus qu&#8217;un simple r\u00e9sident cutan\u00e9. C&#8217;est un partenaire essentiel dans la lutte quotidienne pour une peau radieuse et \u00e9clatante de sant\u00e9. Mais qu&#8217;est-ce exactement que ce microbiote, et pourquoi est-il devenu l&#8217;objet d&#8217;une telle fascination dans le monde de la beaut\u00e9 ? [&hellip;]\" \/>\n<meta property=\"og:url\" content=\"https:\/\/lucia-rapetti.pro\/it\/blog\/il-microbiota-della-pelle-linsospettabile-dono-di-bellezza\/\" \/>\n<meta property=\"og:site_name\" content=\"Lucia Rapetti Laboratoire Naturel\" \/>\n<meta property=\"article:publisher\" content=\"https:\/\/www.facebook.com\/luciarapettiofficial\" \/>\n<meta property=\"article:published_time\" content=\"2024-04-26T09:40:02+00:00\" \/>\n<meta property=\"article:modified_time\" content=\"2025-11-13T08:47:34+00:00\" \/>\n<meta property=\"og:image\" content=\"https:\/\/lucia-rapetti.pro\/wp-content\/uploads\/2023\/07\/LR-sito-estetista.jpg\" \/>\n\t<meta property=\"og:image:width\" content=\"534\" \/>\n\t<meta property=\"og:image:height\" content=\"650\" \/>\n\t<meta property=\"og:image:type\" content=\"image\/jpeg\" \/>\n<meta name=\"author\" content=\"leandro\" \/>\n<meta name=\"twitter:card\" content=\"summary_large_image\" \/>\n<meta name=\"twitter:label1\" content=\"Scritto da\" \/>\n\t<meta name=\"twitter:data1\" content=\"leandro\" \/>\n\t<meta name=\"twitter:label2\" content=\"Tempo di lettura stimato\" \/>\n\t<meta name=\"twitter:data2\" content=\"3 minuti\" \/>\n<script type=\"application\/ld+json\" class=\"yoast-schema-graph\">{\"@context\":\"https:\\\/\\\/schema.org\",\"@graph\":[{\"@type\":\"Article\",\"@id\":\"https:\\\/\\\/lucia-rapetti.pro\\\/blog\\\/le-microbiote-de-la-peau-lallie-insoupconne-de-la-beaute\\\/#article\",\"isPartOf\":{\"@id\":\"https:\\\/\\\/lucia-rapetti.pro\\\/blog\\\/le-microbiote-de-la-peau-lallie-insoupconne-de-la-beaute\\\/\"},\"author\":{\"name\":\"leandro\",\"@id\":\"https:\\\/\\\/lucia-rapetti.pro\\\/#\\\/schema\\\/person\\\/c5e3c28057764bcb3187951a0efadcd5\"},\"headline\":\"Le Microbiote de la Peau: L&#8217;Alli\u00e9 Insoup\u00e7onn\u00e9 de la Beaut\u00e9\",\"datePublished\":\"2024-04-26T09:40:02+00:00\",\"dateModified\":\"2025-11-13T08:47:34+00:00\",\"mainEntityOfPage\":{\"@id\":\"https:\\\/\\\/lucia-rapetti.pro\\\/blog\\\/le-microbiote-de-la-peau-lallie-insoupconne-de-la-beaute\\\/\"},\"wordCount\":430,\"publisher\":{\"@id\":\"https:\\\/\\\/lucia-rapetti.pro\\\/#organization\"},\"image\":{\"@id\":\"https:\\\/\\\/lucia-rapetti.pro\\\/blog\\\/le-microbiote-de-la-peau-lallie-insoupconne-de-la-beaute\\\/#primaryimage\"},\"thumbnailUrl\":\"https:\\\/\\\/lucia-rapetti.pro\\\/wp-content\\\/uploads\\\/2023\\\/07\\\/LR-sito-estetista.jpg\",\"keywords\":[\"Clean Beauty\",\"Gammes\",\"Produits\"],\"articleSection\":[\"Instituts de Beaut\u00e9\",\"microbiote de la peau\"],\"inLanguage\":\"it-IT\"},{\"@type\":\"WebPage\",\"@id\":\"https:\\\/\\\/lucia-rapetti.pro\\\/blog\\\/le-microbiote-de-la-peau-lallie-insoupconne-de-la-beaute\\\/\",\"url\":\"https:\\\/\\\/lucia-rapetti.pro\\\/blog\\\/le-microbiote-de-la-peau-lallie-insoupconne-de-la-beaute\\\/\",\"name\":\"Le Microbiote de la Peau: L'Alli\u00e9 Insoup\u00e7onn\u00e9 de la Beaut\u00e9 - Lucia Rapetti Laboratoire Naturel\",\"isPartOf\":{\"@id\":\"https:\\\/\\\/lucia-rapetti.pro\\\/#website\"},\"primaryImageOfPage\":{\"@id\":\"https:\\\/\\\/lucia-rapetti.pro\\\/blog\\\/le-microbiote-de-la-peau-lallie-insoupconne-de-la-beaute\\\/#primaryimage\"},\"image\":{\"@id\":\"https:\\\/\\\/lucia-rapetti.pro\\\/blog\\\/le-microbiote-de-la-peau-lallie-insoupconne-de-la-beaute\\\/#primaryimage\"},\"thumbnailUrl\":\"https:\\\/\\\/lucia-rapetti.pro\\\/wp-content\\\/uploads\\\/2023\\\/07\\\/LR-sito-estetista.jpg\",\"datePublished\":\"2024-04-26T09:40:02+00:00\",\"dateModified\":\"2025-11-13T08:47:34+00:00\",\"breadcrumb\":{\"@id\":\"https:\\\/\\\/lucia-rapetti.pro\\\/blog\\\/le-microbiote-de-la-peau-lallie-insoupconne-de-la-beaute\\\/#breadcrumb\"},\"inLanguage\":\"it-IT\",\"potentialAction\":[{\"@type\":\"ReadAction\",\"target\":[\"https:\\\/\\\/lucia-rapetti.pro\\\/blog\\\/le-microbiote-de-la-peau-lallie-insoupconne-de-la-beaute\\\/\"]}]},{\"@type\":\"ImageObject\",\"inLanguage\":\"it-IT\",\"@id\":\"https:\\\/\\\/lucia-rapetti.pro\\\/blog\\\/le-microbiote-de-la-peau-lallie-insoupconne-de-la-beaute\\\/#primaryimage\",\"url\":\"https:\\\/\\\/lucia-rapetti.pro\\\/wp-content\\\/uploads\\\/2023\\\/07\\\/LR-sito-estetista.jpg\",\"contentUrl\":\"https:\\\/\\\/lucia-rapetti.pro\\\/wp-content\\\/uploads\\\/2023\\\/07\\\/LR-sito-estetista.jpg\",\"width\":534,\"height\":650,\"caption\":\"soin esth\u00e9tique naturel\"},{\"@type\":\"BreadcrumbList\",\"@id\":\"https:\\\/\\\/lucia-rapetti.pro\\\/blog\\\/le-microbiote-de-la-peau-lallie-insoupconne-de-la-beaute\\\/#breadcrumb\",\"itemListElement\":[{\"@type\":\"ListItem\",\"position\":1,\"name\":\"Accueil\",\"item\":\"https:\\\/\\\/lucia-rapetti.pro\\\/\"},{\"@type\":\"ListItem\",\"position\":2,\"name\":\"Le Microbiote de la Peau: L&#8217;Alli\u00e9 Insoup\u00e7onn\u00e9 de la Beaut\u00e9\"}]},{\"@type\":\"WebSite\",\"@id\":\"https:\\\/\\\/lucia-rapetti.pro\\\/#website\",\"url\":\"https:\\\/\\\/lucia-rapetti.pro\\\/\",\"name\":\"Lucia Rapetti Laboratoire Naturel pour professionnel\",\"description\":\"Laboratoire de cosm\u00e9tique naturel et beaut\u00e9 pour institut et professionnel\",\"publisher\":{\"@id\":\"https:\\\/\\\/lucia-rapetti.pro\\\/#organization\"},\"alternateName\":\"Lucia Rapetti Pro\",\"potentialAction\":[{\"@type\":\"SearchAction\",\"target\":{\"@type\":\"EntryPoint\",\"urlTemplate\":\"https:\\\/\\\/lucia-rapetti.pro\\\/?s={search_term_string}\"},\"query-input\":{\"@type\":\"PropertyValueSpecification\",\"valueRequired\":true,\"valueName\":\"search_term_string\"}}],\"inLanguage\":\"it-IT\"},{\"@type\":\"Organization\",\"@id\":\"https:\\\/\\\/lucia-rapetti.pro\\\/#organization\",\"name\":\"Lucia Rapetti Laboratoire Naturel\",\"alternateName\":\"LR Pro\",\"url\":\"https:\\\/\\\/lucia-rapetti.pro\\\/\",\"logo\":{\"@type\":\"ImageObject\",\"inLanguage\":\"it-IT\",\"@id\":\"https:\\\/\\\/lucia-rapetti.pro\\\/#\\\/schema\\\/logo\\\/image\\\/\",\"url\":\"https:\\\/\\\/lucia-rapetti.pro\\\/wp-content\\\/uploads\\\/2023\\\/04\\\/cropped-lucia-rapetti-logo-1.png\",\"contentUrl\":\"https:\\\/\\\/lucia-rapetti.pro\\\/wp-content\\\/uploads\\\/2023\\\/04\\\/cropped-lucia-rapetti-logo-1.png\",\"width\":850,\"height\":142,\"caption\":\"Lucia Rapetti Laboratoire Naturel\"},\"image\":{\"@id\":\"https:\\\/\\\/lucia-rapetti.pro\\\/#\\\/schema\\\/logo\\\/image\\\/\"},\"sameAs\":[\"https:\\\/\\\/www.facebook.com\\\/luciarapettiofficial\",\"https:\\\/\\\/www.instagram.com\\\/luciarapettiofficial\\\/\"]},{\"@type\":\"Person\",\"@id\":\"https:\\\/\\\/lucia-rapetti.pro\\\/#\\\/schema\\\/person\\\/c5e3c28057764bcb3187951a0efadcd5\",\"name\":\"leandro\",\"image\":{\"@type\":\"ImageObject\",\"inLanguage\":\"it-IT\",\"@id\":\"https:\\\/\\\/secure.gravatar.com\\\/avatar\\\/ca845a82be97d33b727e00e637f9cab01363bb61a8e7940471b836da1e586712?s=96&d=mm&r=g\",\"url\":\"https:\\\/\\\/secure.gravatar.com\\\/avatar\\\/ca845a82be97d33b727e00e637f9cab01363bb61a8e7940471b836da1e586712?s=96&d=mm&r=g\",\"contentUrl\":\"https:\\\/\\\/secure.gravatar.com\\\/avatar\\\/ca845a82be97d33b727e00e637f9cab01363bb61a8e7940471b836da1e586712?s=96&d=mm&r=g\",\"caption\":\"leandro\"},\"url\":\"https:\\\/\\\/lucia-rapetti.pro\\\/it\\\/blog\\\/author\\\/leandro\\\/\"}]}<\/script>\n<!-- \/ Yoast SEO plugin. -->","yoast_head_json":{"title":"Il microbiota della pelle: un alleato insospettabile della bellezza - Lucia Rapetti Laboratoire Naturel","robots":{"index":"index","follow":"follow","max-snippet":"max-snippet:-1","max-image-preview":"max-image-preview:large","max-video-preview":"max-video-preview:-1"},"canonical":"https:\/\/lucia-rapetti.pro\/it\/blog\/il-microbiota-della-pelle-linsospettabile-dono-di-bellezza\/","og_locale":"it_IT","og_type":"article","og_title":"Le Microbiote de la Peau: L'Alli\u00e9 Insoup\u00e7onn\u00e9 de la Beaut\u00e9 - Lucia Rapetti Laboratoire Naturel","og_description":"Le microbiote de la peau, cet univers microscopique foisonnant de vie, est bien plus qu&#8217;un simple r\u00e9sident cutan\u00e9. C&#8217;est un partenaire essentiel dans la lutte quotidienne pour une peau radieuse et \u00e9clatante de sant\u00e9. Mais qu&#8217;est-ce exactement que ce microbiote, et pourquoi est-il devenu l&#8217;objet d&#8217;une telle fascination dans le monde de la beaut\u00e9 ? [&hellip;]","og_url":"https:\/\/lucia-rapetti.pro\/it\/blog\/il-microbiota-della-pelle-linsospettabile-dono-di-bellezza\/","og_site_name":"Lucia Rapetti Laboratoire Naturel","article_publisher":"https:\/\/www.facebook.com\/luciarapettiofficial","article_published_time":"2024-04-26T09:40:02+00:00","article_modified_time":"2025-11-13T08:47:34+00:00","og_image":[{"width":534,"height":650,"url":"https:\/\/lucia-rapetti.pro\/wp-content\/uploads\/2023\/07\/LR-sito-estetista.jpg","type":"image\/jpeg"}],"author":"leandro","twitter_card":"summary_large_image","twitter_misc":{"Scritto da":"leandro","Tempo di lettura stimato":"3 minuti"},"schema":{"@context":"https:\/\/schema.org","@graph":[{"@type":"Article","@id":"https:\/\/lucia-rapetti.pro\/blog\/le-microbiote-de-la-peau-lallie-insoupconne-de-la-beaute\/#article","isPartOf":{"@id":"https:\/\/lucia-rapetti.pro\/blog\/le-microbiote-de-la-peau-lallie-insoupconne-de-la-beaute\/"},"author":{"name":"leandro","@id":"https:\/\/lucia-rapetti.pro\/#\/schema\/person\/c5e3c28057764bcb3187951a0efadcd5"},"headline":"Le Microbiote de la Peau: L&#8217;Alli\u00e9 Insoup\u00e7onn\u00e9 de la Beaut\u00e9","datePublished":"2024-04-26T09:40:02+00:00","dateModified":"2025-11-13T08:47:34+00:00","mainEntityOfPage":{"@id":"https:\/\/lucia-rapetti.pro\/blog\/le-microbiote-de-la-peau-lallie-insoupconne-de-la-beaute\/"},"wordCount":430,"publisher":{"@id":"https:\/\/lucia-rapetti.pro\/#organization"},"image":{"@id":"https:\/\/lucia-rapetti.pro\/blog\/le-microbiote-de-la-peau-lallie-insoupconne-de-la-beaute\/#primaryimage"},"thumbnailUrl":"https:\/\/lucia-rapetti.pro\/wp-content\/uploads\/2023\/07\/LR-sito-estetista.jpg","keywords":["Clean Beauty","Gammes","Produits"],"articleSection":["Instituts de Beaut\u00e9","microbiote de la peau"],"inLanguage":"it-IT"},{"@type":"WebPage","@id":"https:\/\/lucia-rapetti.pro\/blog\/le-microbiote-de-la-peau-lallie-insoupconne-de-la-beaute\/","url":"https:\/\/lucia-rapetti.pro\/blog\/le-microbiote-de-la-peau-lallie-insoupconne-de-la-beaute\/","name":"Il microbiota della pelle: un alleato insospettabile della bellezza - Lucia Rapetti Laboratoire Naturel","isPartOf":{"@id":"https:\/\/lucia-rapetti.pro\/#website"},"primaryImageOfPage":{"@id":"https:\/\/lucia-rapetti.pro\/blog\/le-microbiote-de-la-peau-lallie-insoupconne-de-la-beaute\/#primaryimage"},"image":{"@id":"https:\/\/lucia-rapetti.pro\/blog\/le-microbiote-de-la-peau-lallie-insoupconne-de-la-beaute\/#primaryimage"},"thumbnailUrl":"https:\/\/lucia-rapetti.pro\/wp-content\/uploads\/2023\/07\/LR-sito-estetista.jpg","datePublished":"2024-04-26T09:40:02+00:00","dateModified":"2025-11-13T08:47:34+00:00","breadcrumb":{"@id":"https:\/\/lucia-rapetti.pro\/blog\/le-microbiote-de-la-peau-lallie-insoupconne-de-la-beaute\/#breadcrumb"},"inLanguage":"it-IT","potentialAction":[{"@type":"ReadAction","target":["https:\/\/lucia-rapetti.pro\/blog\/le-microbiote-de-la-peau-lallie-insoupconne-de-la-beaute\/"]}]},{"@type":"ImageObject","inLanguage":"it-IT","@id":"https:\/\/lucia-rapetti.pro\/blog\/le-microbiote-de-la-peau-lallie-insoupconne-de-la-beaute\/#primaryimage","url":"https:\/\/lucia-rapetti.pro\/wp-content\/uploads\/2023\/07\/LR-sito-estetista.jpg","contentUrl":"https:\/\/lucia-rapetti.pro\/wp-content\/uploads\/2023\/07\/LR-sito-estetista.jpg","width":534,"height":650,"caption":"soin esth\u00e9tique naturel"},{"@type":"BreadcrumbList","@id":"https:\/\/lucia-rapetti.pro\/blog\/le-microbiote-de-la-peau-lallie-insoupconne-de-la-beaute\/#breadcrumb","itemListElement":[{"@type":"ListItem","position":1,"name":"Accueil","item":"https:\/\/lucia-rapetti.pro\/"},{"@type":"ListItem","position":2,"name":"Le Microbiote de la Peau: L&#8217;Alli\u00e9 Insoup\u00e7onn\u00e9 de la Beaut\u00e9"}]},{"@type":"WebSite","@id":"https:\/\/lucia-rapetti.pro\/#website","url":"https:\/\/lucia-rapetti.pro\/","name":"Lucia Rapetti Laboratorio naturale per professionisti","description":"Laboratorio di cosmesi naturale e di bellezza per istituti e professionisti","publisher":{"@id":"https:\/\/lucia-rapetti.pro\/#organization"},"alternateName":"Lucia Rapetti Pro","potentialAction":[{"@type":"SearchAction","target":{"@type":"EntryPoint","urlTemplate":"https:\/\/lucia-rapetti.pro\/?s={search_term_string}"},"query-input":{"@type":"PropertyValueSpecification","valueRequired":true,"valueName":"search_term_string"}}],"inLanguage":"it-IT"},{"@type":"Organization","@id":"https:\/\/lucia-rapetti.pro\/#organization","name":"Lucia Rapetti Laboratoire Naturel","alternateName":"LR Pro","url":"https:\/\/lucia-rapetti.pro\/","logo":{"@type":"ImageObject","inLanguage":"it-IT","@id":"https:\/\/lucia-rapetti.pro\/#\/schema\/logo\/image\/","url":"https:\/\/lucia-rapetti.pro\/wp-content\/uploads\/2023\/04\/cropped-lucia-rapetti-logo-1.png","contentUrl":"https:\/\/lucia-rapetti.pro\/wp-content\/uploads\/2023\/04\/cropped-lucia-rapetti-logo-1.png","width":850,"height":142,"caption":"Lucia Rapetti Laboratoire Naturel"},"image":{"@id":"https:\/\/lucia-rapetti.pro\/#\/schema\/logo\/image\/"},"sameAs":["https:\/\/www.facebook.com\/luciarapettiofficial","https:\/\/www.instagram.com\/luciarapettiofficial\/"]},{"@type":"Person","@id":"https:\/\/lucia-rapetti.pro\/#\/schema\/person\/c5e3c28057764bcb3187951a0efadcd5","name":"leandro","image":{"@type":"ImageObject","inLanguage":"it-IT","@id":"https:\/\/secure.gravatar.com\/avatar\/ca845a82be97d33b727e00e637f9cab01363bb61a8e7940471b836da1e586712?s=96&d=mm&r=g","url":"https:\/\/secure.gravatar.com\/avatar\/ca845a82be97d33b727e00e637f9cab01363bb61a8e7940471b836da1e586712?s=96&d=mm&r=g","contentUrl":"https:\/\/secure.gravatar.com\/avatar\/ca845a82be97d33b727e00e637f9cab01363bb61a8e7940471b836da1e586712?s=96&d=mm&r=g","caption":"leandro"},"url":"https:\/\/lucia-rapetti.pro\/it\/blog\/author\/leandro\/"}]}},"_links":{"self":[{"href":"https:\/\/lucia-rapetti.pro\/it\/wp-json\/wp\/v2\/posts\/5453","targetHints":{"allow":["GET"]}}],"collection":[{"href":"https:\/\/lucia-rapetti.pro\/it\/wp-json\/wp\/v2\/posts"}],"about":[{"href":"https:\/\/lucia-rapetti.pro\/it\/wp-json\/wp\/v2\/types\/post"}],"author":[{"embeddable":true,"href":"https:\/\/lucia-rapetti.pro\/it\/wp-json\/wp\/v2\/users\/3"}],"replies":[{"embeddable":true,"href":"https:\/\/lucia-rapetti.pro\/it\/wp-json\/wp\/v2\/comments?post=5453"}],"version-history":[{"count":7,"href":"https:\/\/lucia-rapetti.pro\/it\/wp-json\/wp\/v2\/posts\/5453\/revisions"}],"predecessor-version":[{"id":5495,"href":"https:\/\/lucia-rapetti.pro\/it\/wp-json\/wp\/v2\/posts\/5453\/revisions\/5495"}],"wp:featuredmedia":[{"embeddable":true,"href":"https:\/\/lucia-rapetti.pro\/it\/wp-json\/wp\/v2\/media\/2045"}],"wp:attachment":[{"href":"https:\/\/lucia-rapetti.pro\/it\/wp-json\/wp\/v2\/media?parent=5453"}],"wp:term":[{"taxonomy":"category","embeddable":true,"href":"https:\/\/lucia-rapetti.pro\/it\/wp-json\/wp\/v2\/categories?post=5453"},{"taxonomy":"post_tag","embeddable":true,"href":"https:\/\/lucia-rapetti.pro\/it\/wp-json\/wp\/v2\/tags?post=5453"}],"curies":[{"name":"wp","href":"https:\/\/api.w.org\/{rel}","templated":true}]}}