{"id":6840,"date":"2026-01-22T14:52:55","date_gmt":"2026-01-22T13:52:55","guid":{"rendered":"https:\/\/lucia-rapetti.pro\/?p=6840"},"modified":"2026-01-22T16:08:09","modified_gmt":"2026-01-22T15:08:09","slug":"clean-institute-care-lexigence-professional-in-the-service-of-responsible-beauty","status":"publish","type":"post","link":"https:\/\/lucia-rapetti.pro\/de\/blog\/clean-institute-care-lexigence-professional-in-the-service-of-responsible-beauty\/","title":{"rendered":"Pflege f\u00fcr die Langlebigkeit der Haut: ein Expertenansatz im Institut"},"content":{"rendered":"\t\t<div data-elementor-type=\"wp-post\" data-elementor-id=\"6840\" class=\"elementor elementor-6840\" data-elementor-post-type=\"post\">\n\t\t\t\t<div class=\"elementor-element elementor-element-3b63b5bb e-flex e-con-boxed e-con e-parent\" data-id=\"3b63b5bb\" data-element_type=\"container\" data-e-type=\"container\">\n\t\t\t\t\t<div class=\"e-con-inner\">\n\t\t\t\t<div class=\"elementor-element elementor-element-15ff9d60 elementor-widget elementor-widget-text-editor\" data-id=\"15ff9d60\" data-element_type=\"widget\" data-e-type=\"widget\" data-widget_type=\"text-editor.default\">\n\t\t\t\t<div class=\"elementor-widget-container\">\n\t\t\t\t\t\t\t\t\t<p data-start=\"448\" data-end=\"802\">Le soin pour la long\u00e9vit\u00e9 de la peau s\u2019impose aujourd\u2019hui comme une \u00e9volution majeure dans l\u2019univers de la cosm\u00e9tique professionnelle. Bien au-del\u00e0 du soin anti-\u00e2ge classique, cette approche vise \u00e0 <strong data-start=\"646\" data-end=\"689\">pr\u00e9server durablement le capital cutan\u00e9<\/strong>, en accompagnant la peau dans le temps plut\u00f4t qu\u2019en corrigeant uniquement les signes visibles du vieillissement.<\/p>\n<p data-start=\"804\" data-end=\"1233\">Pour les instituts de beaut\u00e9, spas et centres experts, proposer des soins d\u00e9di\u00e9s \u00e0 la long\u00e9vit\u00e9 de la peau permet de r\u00e9pondre aux nouvelles attentes des clientes : <strong data-start=\"968\" data-end=\"1045\">pr\u00e9vention, efficacit\u00e9 mesurable, respect de la peau et vision long terme<\/strong>. C\u2019est dans cette dynamique que s\u2019inscrit l\u2019expertise de <strong data-start=\"1103\" data-end=\"1144\"><span class=\"hover:entity-accent entity-underline inline cursor-pointer align-baseline\"><span class=\"whitespace-normal\">Lucia Rapetti Pro<\/span><\/span><\/strong>, avec des soins professionnels con\u00e7us pour accompagner la peau \u00e0 chaque \u00e9tape de sa vie.<\/p>\n<hr data-start=\"1235\" data-end=\"1238\" \/>\n<h2 data-start=\"1240\" data-end=\"1302\"><br \/>La long\u00e9vit\u00e9 de la peau : une nouvelle vision de l\u2019anti-\u00e2ge<br \/><br \/><\/h2>\n<p data-start=\"1304\" data-end=\"1534\">Pendant longtemps, l\u2019anti-\u00e2ge s\u2019est concentr\u00e9 sur la correction des signes visibles du vieillissement : rides, rel\u00e2chement cutan\u00e9, perte d\u2019\u00e9clat. Aujourd\u2019hui, la notion de <strong data-start=\"1476\" data-end=\"1500\">long\u00e9vit\u00e9 de la peau<\/strong> vient transformer cette approche.<\/p>\n<p data-start=\"1536\" data-end=\"1859\">La long\u00e9vit\u00e9 cutan\u00e9e consiste \u00e0 <strong data-start=\"1568\" data-end=\"1646\">pr\u00e9server les fonctions essentielles de la peau le plus longtemps possible<\/strong> : capacit\u00e9 de r\u00e9g\u00e9n\u00e9ration, protection naturelle, \u00e9quilibre et r\u00e9sistance face aux agressions ext\u00e9rieures. L\u2019objectif n\u2019est plus de masquer les effets du temps, mais d\u2019agir en amont pour ralentir leur apparition.<\/p>\n<p data-start=\"1861\" data-end=\"2050\">Un soin pour la long\u00e9vit\u00e9 de la peau s\u2019inscrit donc dans une logique globale et durable, en travaillant sur les m\u00e9canismes biologiques naturels de la peau, tout en respectant son \u00e9quilibre.<\/p>\n<hr data-start=\"2052\" data-end=\"2055\" \/>\n<h2 data-start=\"2057\" data-end=\"2117\"><br \/>Pourquoi travailler la long\u00e9vit\u00e9 de la peau en institut ?<br \/><br \/><\/h2>\n<p data-start=\"2119\" data-end=\"2332\">L\u2019institut de beaut\u00e9 joue un r\u00f4le cl\u00e9 dans la prise en charge de la long\u00e9vit\u00e9 cutan\u00e9e. Contrairement \u00e0 un soin ponctuel \u00e0 domicile, le soin professionnel permet une <strong data-start=\"2284\" data-end=\"2331\">action cibl\u00e9e, progressive et personnalis\u00e9e<\/strong>.<\/p>\n<p data-start=\"2334\" data-end=\"2424\">Proposer des soins pour la long\u00e9vit\u00e9 de la peau en institut pr\u00e9sente plusieurs avantages :<\/p>\n<ul data-start=\"2426\" data-end=\"2654\">\n<li data-start=\"2426\" data-end=\"2475\">\n<p data-start=\"2428\" data-end=\"2475\">instaurer un accompagnement sur le long terme<\/p>\n<\/li>\n<li data-start=\"2476\" data-end=\"2533\">\n<p data-start=\"2478\" data-end=\"2533\">fid\u00e9liser la client\u00e8le gr\u00e2ce \u00e0 une approche \u00e9volutive<\/p>\n<\/li>\n<li data-start=\"2534\" data-end=\"2593\">\n<p data-start=\"2536\" data-end=\"2593\">r\u00e9pondre aux besoins des peaux sensibles ou fragilis\u00e9es<\/p>\n<\/li>\n<li data-start=\"2594\" data-end=\"2654\">\n<p data-start=\"2596\" data-end=\"2654\">valoriser l\u2019expertise professionnelle de l\u2019esth\u00e9ticienne<\/p>\n<\/li>\n<\/ul>\n<p data-start=\"2656\" data-end=\"2968\">Les clientes recherchent aujourd\u2019hui des solutions coh\u00e9rentes, capables d\u2019apporter des r\u00e9sultats visibles sans agresser la peau. Le soin pour la long\u00e9vit\u00e9 de la peau devient ainsi un v\u00e9ritable <strong data-start=\"2849\" data-end=\"2882\">pilier de la strat\u00e9gie cabine<\/strong>, permettant de construire des cures personnalis\u00e9es et adapt\u00e9es \u00e0 chaque type de peau.<\/p>\n<hr data-start=\"2970\" data-end=\"2973\" \/>\n<h2 data-start=\"2975\" data-end=\"3041\"><br \/>Lucia Rapetti Pro : une expertise d\u00e9di\u00e9e \u00e0 la long\u00e9vit\u00e9 cutan\u00e9e<br \/><br \/><\/h2>\n<p data-start=\"3043\" data-end=\"3329\">Lucia Rapetti Pro a d\u00e9velopp\u00e9 une approche professionnelle centr\u00e9e sur la long\u00e9vit\u00e9 de la peau, en associant <strong data-start=\"3152\" data-end=\"3193\">efficacit\u00e9, tol\u00e9rance et sensorialit\u00e9<\/strong>. Chaque soin est pens\u00e9 pour accompagner la peau dans le temps, tout en s\u2019int\u00e9grant facilement dans les protocoles cabine des instituts.<\/p>\n<p data-start=\"3331\" data-end=\"3414\">Les formulations sont \u00e9labor\u00e9es pour r\u00e9pondre aux exigences du soin professionnel :<\/p>\n<ul data-start=\"3415\" data-end=\"3584\">\n<li data-start=\"3415\" data-end=\"3448\">\n<p data-start=\"3417\" data-end=\"3448\">respect de l\u2019\u00e9quilibre cutan\u00e9<\/p>\n<\/li>\n<li data-start=\"3449\" data-end=\"3494\">\n<p data-start=\"3451\" data-end=\"3494\">haute tol\u00e9rance, m\u00eame sur peaux sensibles<\/p>\n<\/li>\n<li data-start=\"3495\" data-end=\"3532\">\n<p data-start=\"3497\" data-end=\"3532\">efficacit\u00e9 progressive et durable<\/p>\n<\/li>\n<li data-start=\"3533\" data-end=\"3584\">\n<p data-start=\"3535\" data-end=\"3584\">plaisir d\u2019utilisation et exp\u00e9rience sensorielle<\/p>\n<\/li>\n<\/ul>\n<p data-start=\"3586\" data-end=\"3737\">Cette vision permet aux instituts de proposer des soins coh\u00e9rents, \u00e0 la fois performants et align\u00e9s avec les attentes actuelles du march\u00e9 de la beaut\u00e9.<\/p>\n<hr data-start=\"3739\" data-end=\"3742\" \/>\n<h2 data-start=\"3744\" data-end=\"3793\"><br \/>Les m\u00e9canismes cl\u00e9s de la long\u00e9vit\u00e9 de la peau<br \/><br \/><\/h2>\n<p data-start=\"3795\" data-end=\"3923\">Un soin pour la long\u00e9vit\u00e9 de la peau agit sur plusieurs m\u00e9canismes fondamentaux, essentiels \u00e0 la sant\u00e9 et \u00e0 la jeunesse cutan\u00e9e.<\/p>\n<h3 data-start=\"3925\" data-end=\"3957\"><br \/>Le renouvellement cellulaire<br \/><br \/><\/h3>\n<p data-start=\"3958\" data-end=\"4211\">Avec le temps, le renouvellement cellulaire ralentit, entra\u00eenant une perte d\u2019\u00e9clat et une texture de peau moins homog\u00e8ne. Les soins d\u00e9di\u00e9s \u00e0 la long\u00e9vit\u00e9 visent \u00e0 stimuler ce processus naturel afin de maintenir une peau plus lumineuse et plus r\u00e9guli\u00e8re.<\/p>\n<h3 data-start=\"4213\" data-end=\"4253\"><br \/>La protection de la barri\u00e8re cutan\u00e9e<br \/><br \/><\/h3>\n<p data-start=\"4254\" data-end=\"4479\">La barri\u00e8re cutan\u00e9e joue un r\u00f4le central dans la d\u00e9fense de la peau contre les agressions ext\u00e9rieures. Un soin pour la long\u00e9vit\u00e9 de la peau contribue \u00e0 renforcer cette barri\u00e8re, limitant la d\u00e9shydratation et les sensibilit\u00e9s.<\/p>\n<h3 data-start=\"4481\" data-end=\"4519\"><br \/>La lutte contre le stress oxydatif<br \/><br \/><\/h3>\n<p data-start=\"4520\" data-end=\"4740\">Le stress oxydatif est l\u2019un des principaux facteurs du vieillissement cutan\u00e9 pr\u00e9matur\u00e9. Les soins ax\u00e9s sur la long\u00e9vit\u00e9 int\u00e8grent des actifs capables de prot\u00e9ger la peau et de soutenir ses m\u00e9canismes naturels de d\u00e9fense.<\/p>\n<h3 data-start=\"4742\" data-end=\"4775\"><br \/>L\u2019\u00e9quilibre global de la peau<br \/><br \/><\/h3>\n<p data-start=\"4776\" data-end=\"4996\">La long\u00e9vit\u00e9 cutan\u00e9e repose \u00e9galement sur le maintien de l\u2019\u00e9quilibre de la peau : confort, souplesse, \u00e9clat et homog\u00e9n\u00e9it\u00e9. Cette approche globale permet des r\u00e9sultats visibles, tout en respectant la physiologie cutan\u00e9e.<\/p>\n<hr data-start=\"4998\" data-end=\"5001\" \/>\n<h2 data-start=\"5003\" data-end=\"5061\"><br \/>Des soins professionnels pens\u00e9s pour une action durable<br \/><br \/><\/h2>\n<p data-start=\"5063\" data-end=\"5355\">Contrairement aux soins correctifs intensifs, les soins pour la long\u00e9vit\u00e9 de la peau s\u2019inscrivent dans une <strong data-start=\"5170\" data-end=\"5209\">logique d\u2019accompagnement progressif<\/strong>. Ils sont con\u00e7us pour \u00eatre utilis\u00e9s r\u00e9guli\u00e8rement en institut, dans le cadre de protocoles adapt\u00e9s, mais aussi en compl\u00e9ment de soins \u00e0 domicile.<\/p>\n<p data-start=\"5357\" data-end=\"5580\">Cette synergie cabine \/ domicile permet de prolonger les effets du soin professionnel et d\u2019optimiser les r\u00e9sultats dans le temps. Pour l\u2019institut, c\u2019est un v\u00e9ritable levier de fid\u00e9lisation et de valorisation de l\u2019expertise.<\/p>\n<hr data-start=\"5582\" data-end=\"5585\" \/>\n<h2 data-start=\"5587\" data-end=\"5660\"><br \/>\u00c0 quels types de peau s\u2019adresse un soin pour la long\u00e9vit\u00e9 de la peau ?<br \/><br \/><\/h2>\n<p data-start=\"5662\" data-end=\"5800\">L\u2019un des grands atouts des soins d\u00e9di\u00e9s \u00e0 la long\u00e9vit\u00e9 cutan\u00e9e est leur <strong data-start=\"5734\" data-end=\"5750\">adaptabilit\u00e9<\/strong>. Ils conviennent \u00e0 une large vari\u00e9t\u00e9 de profils :<\/p>\n<ul data-start=\"5802\" data-end=\"6033\">\n<li data-start=\"5802\" data-end=\"5862\">\n<p data-start=\"5804\" data-end=\"5862\">peaux matures souhaitant pr\u00e9server leur capital jeunesse<\/p>\n<\/li>\n<li data-start=\"5863\" data-end=\"5926\">\n<p data-start=\"5865\" data-end=\"5926\">peaux sensibles ou r\u00e9actives n\u00e9cessitant une approche douce<\/p>\n<\/li>\n<li data-start=\"5927\" data-end=\"5971\">\n<p data-start=\"5929\" data-end=\"5971\">peaux expos\u00e9es au stress environnemental<\/p>\n<\/li>\n<li data-start=\"5972\" data-end=\"6033\">\n<p data-start=\"5974\" data-end=\"6033\">peaux pr\u00e9sentant des signes de fatigue ou de d\u00e9s\u00e9quilibre<\/p>\n<\/li>\n<\/ul>\n<p data-start=\"6035\" data-end=\"6198\">Cette polyvalence permet aux instituts de proposer des soins personnalis\u00e9s, en tenant compte de l\u2019\u00e2ge, du mode de vie et des besoins sp\u00e9cifiques de chaque cliente.<\/p>\n<hr data-start=\"6200\" data-end=\"6203\" \/>\n<h2 data-start=\"6205\" data-end=\"6264\"><br \/>Une approche diff\u00e9renciante pour les instituts de beaut\u00e9<br \/><br \/><\/h2>\n<p data-start=\"6266\" data-end=\"6498\">Adopter le soin pour la long\u00e9vit\u00e9 de la peau, c\u2019est offrir bien plus qu\u2019un simple soin visage. C\u2019est proposer une <strong data-start=\"6380\" data-end=\"6423\">vision moderne et experte de l\u2019anti-\u00e2ge<\/strong>, centr\u00e9e sur la pr\u00e9vention, le respect de la peau et l\u2019efficacit\u00e9 durable.<\/p>\n<p data-start=\"6500\" data-end=\"6546\">Pour les instituts, cette approche permet de :<\/p>\n<ul data-start=\"6547\" data-end=\"6769\">\n<li data-start=\"6547\" data-end=\"6594\">\n<p data-start=\"6549\" data-end=\"6594\">se diff\u00e9rencier sur un march\u00e9 concurrentiel<\/p>\n<\/li>\n<li data-start=\"6595\" data-end=\"6653\">\n<p data-start=\"6597\" data-end=\"6653\">construire une relation de confiance avec la client\u00e8le<\/p>\n<\/li>\n<li data-start=\"6654\" data-end=\"6705\">\n<p data-start=\"6656\" data-end=\"6705\">valoriser une expertise professionnelle moderne<\/p>\n<\/li>\n<li data-start=\"6706\" data-end=\"6769\">\n<p data-start=\"6708\" data-end=\"6769\">inscrire les soins dans une d\u00e9marche qualitative et p\u00e9renne<\/p>\n<\/li>\n<\/ul>\n<hr data-start=\"6771\" data-end=\"6774\" \/>\n<h2 data-start=\"6776\" data-end=\"6861\"><br \/>Conclusion : le soin pour la long\u00e9vit\u00e9 de la peau, un pilier du soin professionnel<br \/><br \/><\/h2>\n<p data-start=\"6863\" data-end=\"7160\">Le soin pour la long\u00e9vit\u00e9 de la peau repr\u00e9sente aujourd\u2019hui une r\u00e9ponse coh\u00e9rente et performante aux enjeux du vieillissement cutan\u00e9. En s\u2019appuyant sur les m\u00e9canismes naturels de la peau et sur une approche globale, il permet aux instituts de proposer des soins efficaces, respectueux et durables.<\/p>\n<p data-start=\"7162\" data-end=\"7418\">Avec Lucia Rapetti Pro, les professionnelles disposent d\u2019une solution pens\u00e9e pour la cabine, alliant expertise, sensorialit\u00e9 et accompagnement sur le long terme. Une vision du soin qui place la <strong data-start=\"7356\" data-end=\"7380\">long\u00e9vit\u00e9 de la peau<\/strong> au c\u0153ur de la beaut\u00e9 professionnelle.<\/p>\t\t\t\t\t\t\t\t<\/div>\n\t\t\t\t<\/div>\n\t\t\t\t\t<\/div>\n\t\t\t\t<\/div>\n\t\t<div class=\"elementor-element elementor-element-b4a7f1e e-flex e-con-boxed e-con e-parent\" data-id=\"b4a7f1e\" data-element_type=\"container\" data-e-type=\"container\">\n\t\t\t\t\t<div class=\"e-con-inner\">\n\t\t\t\t<div class=\"elementor-element elementor-element-9fd4afe elementor-widget elementor-widget-heading\" data-id=\"9fd4afe\" data-element_type=\"widget\" data-e-type=\"widget\" data-widget_type=\"heading.default\">\n\t\t\t\t<div class=\"elementor-widget-container\">\n\t\t\t\t\t<h2 class=\"elementor-heading-title elementor-size-default\">FAQ \u2013 Soin pour institut clean<\/h2>\t\t\t\t<\/div>\n\t\t\t\t<\/div>\n\t\t\t\t<div class=\"elementor-element elementor-element-c4c58de elementor-widget elementor-widget-n-accordion\" data-id=\"c4c58de\" data-element_type=\"widget\" data-e-type=\"widget\" data-settings=\"{&quot;default_state&quot;:&quot;expanded&quot;,&quot;max_items_expended&quot;:&quot;one&quot;,&quot;n_accordion_animation_duration&quot;:{&quot;unit&quot;:&quot;ms&quot;,&quot;size&quot;:400,&quot;sizes&quot;:[]}}\" data-widget_type=\"nested-accordion.default\">\n\t\t\t\t<div class=\"elementor-widget-container\">\n\t\t\t\t\t\t\t<div class=\"e-n-accordion\" aria-label=\"Accordion. Open links with Enter or Space, close with Escape, and navigate with Arrow Keys\">\n\t\t\t\t\t\t<details id=\"e-n-accordion-item-2060\" class=\"e-n-accordion-item\" open>\n\t\t\t\t<summary class=\"e-n-accordion-item-title\" data-accordion-index=\"1\" tabindex=\"0\" aria-expanded=\"true\" aria-controls=\"e-n-accordion-item-2060\" >\n\t\t\t\t\t<span class='e-n-accordion-item-title-header'><div class=\"e-n-accordion-item-title-text\"> Qu\u2019est-ce qu\u2019un soin pour la long\u00e9vit\u00e9 de la peau ? <\/div><\/span>\n\t\t\t\t\t\t\t<span class='e-n-accordion-item-title-icon'>\n\t\t\t<span class='e-opened' ><svg aria-hidden=\"true\" class=\"e-font-icon-svg e-fas-minus\" viewBox=\"0 0 448 512\" xmlns=\"http:\/\/www.w3.org\/2000\/svg\"><path d=\"M416 208H32c-17.67 0-32 14.33-32 32v32c0 17.67 14.33 32 32 32h384c17.67 0 32-14.33 32-32v-32c0-17.67-14.33-32-32-32z\"><\/path><\/svg><\/span>\n\t\t\t<span class='e-closed'><svg aria-hidden=\"true\" class=\"e-font-icon-svg e-fas-plus\" viewBox=\"0 0 448 512\" xmlns=\"http:\/\/www.w3.org\/2000\/svg\"><path d=\"M416 208H272V64c0-17.67-14.33-32-32-32h-32c-17.67 0-32 14.33-32 32v144H32c-17.67 0-32 14.33-32 32v32c0 17.67 14.33 32 32 32h144v144c0 17.67 14.33 32 32 32h32c17.67 0 32-14.33 32-32V304h144c17.67 0 32-14.33 32-32v-32c0-17.67-14.33-32-32-32z\"><\/path><\/svg><\/span>\n\t\t<\/span>\n\n\t\t\t\t\t\t<\/summary>\n\t\t\t\t<div role=\"region\" aria-labelledby=\"e-n-accordion-item-2060\" class=\"elementor-element elementor-element-2ab91cc e-con-full e-flex e-con e-child\" data-id=\"2ab91cc\" data-element_type=\"container\" data-e-type=\"container\">\n\t\t<div role=\"region\" aria-labelledby=\"e-n-accordion-item-2060\" class=\"elementor-element elementor-element-fd1c2f5 e-flex e-con-boxed e-con e-child\" data-id=\"fd1c2f5\" data-element_type=\"container\" data-e-type=\"container\">\n\t\t\t\t\t<div class=\"e-con-inner\">\n\t\t\t\t<div class=\"elementor-element elementor-element-0c5e0bc elementor-widget elementor-widget-text-editor\" data-id=\"0c5e0bc\" data-element_type=\"widget\" data-e-type=\"widget\" data-widget_type=\"text-editor.default\">\n\t\t\t\t<div class=\"elementor-widget-container\">\n\t\t\t\t\t\t\t\t\t<p data-start=\"2869\" data-end=\"3115\">Un soin pour la long\u00e9vit\u00e9 de la peau vise \u00e0 pr\u00e9server le capital jeunesse cutan\u00e9 sur le long terme. Il agit en pr\u00e9vention du vieillissement en soutenant les m\u00e9canismes naturels de la peau : r\u00e9g\u00e9n\u00e9ration cellulaire, protection et \u00e9quilibre cutan\u00e9.<\/p>\t\t\t\t\t\t\t\t<\/div>\n\t\t\t\t<\/div>\n\t\t\t\t\t<\/div>\n\t\t\t\t<\/div>\n\t\t\t\t<\/div>\n\t\t\t\t\t<\/details>\n\t\t\t\t\t\t<details id=\"e-n-accordion-item-2061\" class=\"e-n-accordion-item\" >\n\t\t\t\t<summary class=\"e-n-accordion-item-title\" data-accordion-index=\"2\" tabindex=\"-1\" aria-expanded=\"false\" aria-controls=\"e-n-accordion-item-2061\" >\n\t\t\t\t\t<span class='e-n-accordion-item-title-header'><div class=\"e-n-accordion-item-title-text\"> Quelle est la diff\u00e9rence entre un soin anti-\u00e2ge et un soin pour la long\u00e9vit\u00e9 de la peau ? <\/div><\/span>\n\t\t\t\t\t\t\t<span class='e-n-accordion-item-title-icon'>\n\t\t\t<span class='e-opened' ><svg aria-hidden=\"true\" class=\"e-font-icon-svg e-fas-minus\" viewBox=\"0 0 448 512\" xmlns=\"http:\/\/www.w3.org\/2000\/svg\"><path d=\"M416 208H32c-17.67 0-32 14.33-32 32v32c0 17.67 14.33 32 32 32h384c17.67 0 32-14.33 32-32v-32c0-17.67-14.33-32-32-32z\"><\/path><\/svg><\/span>\n\t\t\t<span class='e-closed'><svg aria-hidden=\"true\" class=\"e-font-icon-svg e-fas-plus\" viewBox=\"0 0 448 512\" xmlns=\"http:\/\/www.w3.org\/2000\/svg\"><path d=\"M416 208H272V64c0-17.67-14.33-32-32-32h-32c-17.67 0-32 14.33-32 32v144H32c-17.67 0-32 14.33-32 32v32c0 17.67 14.33 32 32 32h144v144c0 17.67 14.33 32 32 32h32c17.67 0 32-14.33 32-32V304h144c17.67 0 32-14.33 32-32v-32c0-17.67-14.33-32-32-32z\"><\/path><\/svg><\/span>\n\t\t<\/span>\n\n\t\t\t\t\t\t<\/summary>\n\t\t\t\t<div role=\"region\" aria-labelledby=\"e-n-accordion-item-2061\" class=\"elementor-element elementor-element-11c869f e-con-full e-flex e-con e-child\" data-id=\"11c869f\" data-element_type=\"container\" data-e-type=\"container\">\n\t\t<div role=\"region\" aria-labelledby=\"e-n-accordion-item-2061\" class=\"elementor-element elementor-element-6e0a528 e-flex e-con-boxed e-con e-child\" data-id=\"6e0a528\" data-element_type=\"container\" data-e-type=\"container\">\n\t\t\t\t\t<div class=\"e-con-inner\">\n\t\t\t\t<div class=\"elementor-element elementor-element-814d6c1 elementor-widget elementor-widget-text-editor\" data-id=\"814d6c1\" data-element_type=\"widget\" data-e-type=\"widget\" data-widget_type=\"text-editor.default\">\n\t\t\t\t<div class=\"elementor-widget-container\">\n\t\t\t\t\t\t\t\t\t<p data-start=\"5996\" data-end=\"6153\">Un soin anti-\u00e2ge classique corrige les signes visibles du vieillissement, tandis qu\u2019un soin pour la long\u00e9vit\u00e9 de la peau agit plus en amont. Il cherche \u00e0 ralentir l\u2019apparition de ces signes en renfor\u00e7ant durablement les fonctions essentielles de la peau.<\/p>\t\t\t\t\t\t\t\t<\/div>\n\t\t\t\t<\/div>\n\t\t\t\t\t<\/div>\n\t\t\t\t<\/div>\n\t\t\t\t<\/div>\n\t\t\t\t\t<\/details>\n\t\t\t\t\t\t<details id=\"e-n-accordion-item-2062\" class=\"e-n-accordion-item\" >\n\t\t\t\t<summary class=\"e-n-accordion-item-title\" data-accordion-index=\"3\" tabindex=\"-1\" aria-expanded=\"false\" aria-controls=\"e-n-accordion-item-2062\" >\n\t\t\t\t\t<span class='e-n-accordion-item-title-header'><div class=\"e-n-accordion-item-title-text\"> Pourquoi proposer des soins pour la long\u00e9vit\u00e9 de la peau en institut ? <\/div><\/span>\n\t\t\t\t\t\t\t<span class='e-n-accordion-item-title-icon'>\n\t\t\t<span class='e-opened' ><svg aria-hidden=\"true\" class=\"e-font-icon-svg e-fas-minus\" viewBox=\"0 0 448 512\" xmlns=\"http:\/\/www.w3.org\/2000\/svg\"><path d=\"M416 208H32c-17.67 0-32 14.33-32 32v32c0 17.67 14.33 32 32 32h384c17.67 0 32-14.33 32-32v-32c0-17.67-14.33-32-32-32z\"><\/path><\/svg><\/span>\n\t\t\t<span class='e-closed'><svg aria-hidden=\"true\" class=\"e-font-icon-svg e-fas-plus\" viewBox=\"0 0 448 512\" xmlns=\"http:\/\/www.w3.org\/2000\/svg\"><path d=\"M416 208H272V64c0-17.67-14.33-32-32-32h-32c-17.67 0-32 14.33-32 32v144H32c-17.67 0-32 14.33-32 32v32c0 17.67 14.33 32 32 32h144v144c0 17.67 14.33 32 32 32h32c17.67 0 32-14.33 32-32V304h144c17.67 0 32-14.33 32-32v-32c0-17.67-14.33-32-32-32z\"><\/path><\/svg><\/span>\n\t\t<\/span>\n\n\t\t\t\t\t\t<\/summary>\n\t\t\t\t<div role=\"region\" aria-labelledby=\"e-n-accordion-item-2062\" class=\"elementor-element elementor-element-35302e1 e-con-full e-flex e-con e-child\" data-id=\"35302e1\" data-element_type=\"container\" data-e-type=\"container\">\n\t\t<div role=\"region\" aria-labelledby=\"e-n-accordion-item-2062\" class=\"elementor-element elementor-element-cba282f e-flex e-con-boxed e-con e-child\" data-id=\"cba282f\" data-element_type=\"container\" data-e-type=\"container\">\n\t\t\t\t\t<div class=\"e-con-inner\">\n\t\t\t\t<div class=\"elementor-element elementor-element-fc3dc6e elementor-widget elementor-widget-text-editor\" data-id=\"fc3dc6e\" data-element_type=\"widget\" data-e-type=\"widget\" data-widget_type=\"text-editor.default\">\n\t\t\t\t<div class=\"elementor-widget-container\">\n\t\t\t\t\t\t\t\t\t<p>Les soins pour la long\u00e9vit\u00e9 de la peau permettent aux instituts d\u2019adopter une approche globale et durable du vieillissement cutan\u00e9. Ils favorisent des r\u00e9sultats progressifs, une meilleure fid\u00e9lisation de la client\u00e8le et une prise en charge personnalis\u00e9e sur le long terme.<\/p>\t\t\t\t\t\t\t\t<\/div>\n\t\t\t\t<\/div>\n\t\t\t\t\t<\/div>\n\t\t\t\t<\/div>\n\t\t\t\t<\/div>\n\t\t\t\t\t<\/details>\n\t\t\t\t\t\t<details id=\"e-n-accordion-item-2063\" class=\"e-n-accordion-item\" >\n\t\t\t\t<summary class=\"e-n-accordion-item-title\" data-accordion-index=\"4\" tabindex=\"-1\" aria-expanded=\"false\" aria-controls=\"e-n-accordion-item-2063\" >\n\t\t\t\t\t<span class='e-n-accordion-item-title-header'><div class=\"e-n-accordion-item-title-text\"> Les soins pour la long\u00e9vit\u00e9 de la peau sont-ils adapt\u00e9s \u00e0 toutes les peaux ? <\/div><\/span>\n\t\t\t\t\t\t\t<span class='e-n-accordion-item-title-icon'>\n\t\t\t<span class='e-opened' ><svg aria-hidden=\"true\" class=\"e-font-icon-svg e-fas-minus\" viewBox=\"0 0 448 512\" xmlns=\"http:\/\/www.w3.org\/2000\/svg\"><path d=\"M416 208H32c-17.67 0-32 14.33-32 32v32c0 17.67 14.33 32 32 32h384c17.67 0 32-14.33 32-32v-32c0-17.67-14.33-32-32-32z\"><\/path><\/svg><\/span>\n\t\t\t<span class='e-closed'><svg aria-hidden=\"true\" class=\"e-font-icon-svg e-fas-plus\" viewBox=\"0 0 448 512\" xmlns=\"http:\/\/www.w3.org\/2000\/svg\"><path d=\"M416 208H272V64c0-17.67-14.33-32-32-32h-32c-17.67 0-32 14.33-32 32v144H32c-17.67 0-32 14.33-32 32v32c0 17.67 14.33 32 32 32h144v144c0 17.67 14.33 32 32 32h32c17.67 0 32-14.33 32-32V304h144c17.67 0 32-14.33 32-32v-32c0-17.67-14.33-32-32-32z\"><\/path><\/svg><\/span>\n\t\t<\/span>\n\n\t\t\t\t\t\t<\/summary>\n\t\t\t\t<div role=\"region\" aria-labelledby=\"e-n-accordion-item-2063\" class=\"elementor-element elementor-element-0e7ff5e e-flex e-con-boxed e-con e-child\" data-id=\"0e7ff5e\" data-element_type=\"container\" data-e-type=\"container\">\n\t\t\t\t\t<div class=\"e-con-inner\">\n\t\t<div role=\"region\" aria-labelledby=\"e-n-accordion-item-2063\" class=\"elementor-element elementor-element-a829042 e-con-full e-flex e-con e-child\" data-id=\"a829042\" data-element_type=\"container\" data-e-type=\"container\">\n\t\t\t\t<div class=\"elementor-element elementor-element-13c36f3 elementor-widget elementor-widget-text-editor\" data-id=\"13c36f3\" data-element_type=\"widget\" data-e-type=\"widget\" data-widget_type=\"text-editor.default\">\n\t\t\t\t<div class=\"elementor-widget-container\">\n\t\t\t\t\t\t\t\t\t<p data-start=\"1393\" data-end=\"1633\">Oui, cette approche convient \u00e0 tous les types de peau, notamment aux peaux sensibles, matures ou sujettes au vieillissement pr\u00e9matur\u00e9. Les formulations sont pens\u00e9es pour respecter la peau tout en stimulant ses capacit\u00e9s naturelles.<\/p>\t\t\t\t\t\t\t\t<\/div>\n\t\t\t\t<\/div>\n\t\t\t\t<\/div>\n\t\t\t\t\t<\/div>\n\t\t\t\t<\/div>\n\t\t\t\t\t<\/details>\n\t\t\t\t\t\t<details id=\"e-n-accordion-item-2064\" class=\"e-n-accordion-item\" >\n\t\t\t\t<summary class=\"e-n-accordion-item-title\" data-accordion-index=\"5\" tabindex=\"-1\" aria-expanded=\"false\" aria-controls=\"e-n-accordion-item-2064\" >\n\t\t\t\t\t<span class='e-n-accordion-item-title-header'><div class=\"e-n-accordion-item-title-text\"> Pourquoi choisir Lucia Rapetti Pro pour travailler la long\u00e9vit\u00e9 de la peau ? <\/div><\/span>\n\t\t\t\t\t\t\t<span class='e-n-accordion-item-title-icon'>\n\t\t\t<span class='e-opened' ><svg aria-hidden=\"true\" class=\"e-font-icon-svg e-fas-minus\" viewBox=\"0 0 448 512\" xmlns=\"http:\/\/www.w3.org\/2000\/svg\"><path d=\"M416 208H32c-17.67 0-32 14.33-32 32v32c0 17.67 14.33 32 32 32h384c17.67 0 32-14.33 32-32v-32c0-17.67-14.33-32-32-32z\"><\/path><\/svg><\/span>\n\t\t\t<span class='e-closed'><svg aria-hidden=\"true\" class=\"e-font-icon-svg e-fas-plus\" viewBox=\"0 0 448 512\" xmlns=\"http:\/\/www.w3.org\/2000\/svg\"><path d=\"M416 208H272V64c0-17.67-14.33-32-32-32h-32c-17.67 0-32 14.33-32 32v144H32c-17.67 0-32 14.33-32 32v32c0 17.67 14.33 32 32 32h144v144c0 17.67 14.33 32 32 32h32c17.67 0 32-14.33 32-32V304h144c17.67 0 32-14.33 32-32v-32c0-17.67-14.33-32-32-32z\"><\/path><\/svg><\/span>\n\t\t<\/span>\n\n\t\t\t\t\t\t<\/summary>\n\t\t\t\t<div role=\"region\" aria-labelledby=\"e-n-accordion-item-2064\" class=\"elementor-element elementor-element-d63d4a9 e-flex e-con-boxed e-con e-child\" data-id=\"d63d4a9\" data-element_type=\"container\" data-e-type=\"container\">\n\t\t\t\t\t<div class=\"e-con-inner\">\n\t\t<div role=\"region\" aria-labelledby=\"e-n-accordion-item-2064\" class=\"elementor-element elementor-element-7c39149 e-con-full e-flex e-con e-child\" data-id=\"7c39149\" data-element_type=\"container\" data-e-type=\"container\">\n\t\t\t\t<div class=\"elementor-element elementor-element-cb2c5fa elementor-widget elementor-widget-text-editor\" data-id=\"cb2c5fa\" data-element_type=\"widget\" data-e-type=\"widget\" data-widget_type=\"text-editor.default\">\n\t\t\t\t<div class=\"elementor-widget-container\">\n\t\t\t\t\t\t\t\t\t<p data-start=\"4231\" data-end=\"4470\">Lucia Rapetti Pro propose des soins professionnels con\u00e7us pour accompagner la peau dans le temps. Les protocoles allient efficacit\u00e9, tol\u00e9rance et sensorialit\u00e9, permettant aux instituts de proposer une expertise anti-\u00e2ge moderne et durable.<\/p>\t\t\t\t\t\t\t\t<\/div>\n\t\t\t\t<\/div>\n\t\t\t\t<\/div>\n\t\t\t\t\t<\/div>\n\t\t\t\t<\/div>\n\t\t\t\t\t<\/details>\n\t\t\t\t\t<\/div>\n\t\t\t\t\t\t<\/div>\n\t\t\t\t<\/div>\n\t\t\t\t\t<\/div>\n\t\t\t\t<\/div>\n\t\t<div class=\"elementor-element elementor-element-e3cdabe e-flex e-con-boxed e-con e-parent\" data-id=\"e3cdabe\" data-element_type=\"container\" data-e-type=\"container\">\n\t\t\t\t\t<div class=\"e-con-inner\">\n\t\t\t\t<div class=\"elementor-element elementor-element-a6f8b5d elementor-widget elementor-widget-html\" data-id=\"a6f8b5d\" data-element_type=\"widget\" data-e-type=\"widget\" data-widget_type=\"html.default\">\n\t\t\t\t<div class=\"elementor-widget-container\">\n\t\t\t\t\t<script>{\n  \"@context\": \"https:\/\/schema.org\",\n  \"@type\": \"FAQPage\",\n  \"mainEntity\": [\n    {\n      \"@type\": \"Question\",\n      \"name\": \"Qu\u2019est-ce qu\u2019un soin pour la long\u00e9vit\u00e9 de la peau ?\",\n      \"acceptedAnswer\": {\n        \"@type\": \"Answer\",\n        \"text\": \"Un soin pour la long\u00e9vit\u00e9 de la peau vise \u00e0 pr\u00e9server durablement le capital cutan\u00e9. Il agit en pr\u00e9vention du vieillissement en soutenant les m\u00e9canismes naturels de la peau, comme la r\u00e9g\u00e9n\u00e9ration, la protection de la barri\u00e8re cutan\u00e9e et l\u2019\u00e9quilibre global.\"\n      }\n    },\n    {\n      \"@type\": \"Question\",\n      \"name\": \"Quelle est la diff\u00e9rence entre un soin anti-\u00e2ge et un soin pour la long\u00e9vit\u00e9 de la peau ?\",\n      \"acceptedAnswer\": {\n        \"@type\": \"Answer\",\n        \"text\": \"Un soin anti-\u00e2ge classique cherche surtout \u00e0 corriger les signes visibles du vieillissement (rides, perte de fermet\u00e9, manque d\u2019\u00e9clat). Un soin pour la long\u00e9vit\u00e9 de la peau agit plus en amont : il aide \u00e0 pr\u00e9server les fonctions essentielles de la peau pour ralentir l\u2019apparition de ces signes dans le temps.\"\n      }\n    },\n    {\n      \"@type\": \"Question\",\n      \"name\": \"Pourquoi proposer des soins pour la long\u00e9vit\u00e9 de la peau en institut ?\",\n      \"acceptedAnswer\": {\n        \"@type\": \"Answer\",\n        \"text\": \"En institut, les soins pour la long\u00e9vit\u00e9 de la peau permettent un accompagnement personnalis\u00e9 et progressif. Ils favorisent des r\u00e9sultats durables, am\u00e9liorent le confort cutan\u00e9 et renforcent la fid\u00e9lisation gr\u00e2ce \u00e0 une approche long terme adapt\u00e9e \u00e0 chaque type de peau.\"\n      }\n    },\n    {\n      \"@type\": \"Question\",\n      \"name\": \"Les soins pour la long\u00e9vit\u00e9 de la peau conviennent-ils \u00e0 tous les types de peau ?\",\n      \"acceptedAnswer\": {\n        \"@type\": \"Answer\",\n        \"text\": \"Oui, cette approche convient \u00e0 la plupart des types de peau, y compris les peaux sensibles ou r\u00e9actives. L\u2019objectif est de respecter l\u2019\u00e9quilibre cutan\u00e9 tout en soutenant les fonctions naturelles de la peau, quel que soit l\u2019\u00e2ge ou le besoin.\"\n      }\n    },\n    {\n      \"@type\": \"Question\",\n      \"name\": \"Quels m\u00e9canismes la long\u00e9vit\u00e9 cutan\u00e9e vise-t-elle \u00e0 soutenir ?\",\n      \"acceptedAnswer\": {\n        \"@type\": \"Answer\",\n        \"text\": \"La long\u00e9vit\u00e9 cutan\u00e9e vise \u00e0 soutenir plusieurs m\u00e9canismes cl\u00e9s : le renouvellement cellulaire, la protection et la r\u00e9paration de la barri\u00e8re cutan\u00e9e, la d\u00e9fense contre le stress oxydatif et le maintien de l\u2019\u00e9quilibre global de la peau (confort, souplesse, \u00e9clat).\"\n      }\n    },\n    {\n      \"@type\": \"Question\",\n      \"name\": \"Pourquoi choisir Lucia Rapetti Pro pour travailler la long\u00e9vit\u00e9 de la peau ?\",\n      \"acceptedAnswer\": {\n        \"@type\": \"Answer\",\n        \"text\": \"Lucia Rapetti Pro propose des soins professionnels pens\u00e9s pour accompagner la peau dans le temps, en combinant efficacit\u00e9, tol\u00e9rance et sensorialit\u00e9. Les protocoles sont adapt\u00e9s \u00e0 l\u2019usage en institut et permettent de construire une prise en charge durable, avec une continuit\u00e9 possible \u00e0 domicile.\"\n      }\n    }\n  ]\n}\n\n\n<\/script>\t\t\t\t<\/div>\n\t\t\t\t<\/div>\n\t\t\t\t\t<\/div>\n\t\t\t\t<\/div>\n\t\t\t\t<\/div>\n\t\t","protected":false},"excerpt":{"rendered":"<p>Le soin pour la long\u00e9vit\u00e9 de la peau s\u2019impose aujourd\u2019hui comme une \u00e9volution majeure dans l\u2019univers de la cosm\u00e9tique professionnelle. Bien au-del\u00e0 du soin anti-\u00e2ge classique, cette approche vise \u00e0 pr\u00e9server durablement le capital cutan\u00e9, en accompagnant la peau dans le temps plut\u00f4t qu\u2019en corrigeant uniquement les signes visibles du vieillissement. Pour les instituts de [&hellip;]<\/p>\n","protected":false},"author":1,"featured_media":4440,"comment_status":"closed","ping_status":"closed","sticky":false,"template":"","format":"standard","meta":{"_acf_changed":false,"_mo_disable_npp":"","site-sidebar-layout":"default","site-content-layout":"","ast-site-content-layout":"default","site-content-style":"default","site-sidebar-style":"default","ast-global-header-display":"","ast-banner-title-visibility":"","ast-main-header-display":"","ast-hfb-above-header-display":"","ast-hfb-below-header-display":"","ast-hfb-mobile-header-display":"","site-post-title":"","ast-breadcrumbs-content":"","ast-featured-img":"","footer-sml-layout":"","ast-disable-related-posts":"","theme-transparent-header-meta":"","adv-header-id-meta":"","stick-header-meta":"","header-above-stick-meta":"","header-main-stick-meta":"","header-below-stick-meta":"","astra-migrate-meta-layouts":"set","ast-page-background-enabled":"default","ast-page-background-meta":{"desktop":{"background-color":"var(--ast-global-color-4)","background-image":"","background-repeat":"repeat","background-position":"center center","background-size":"auto","background-attachment":"scroll","background-type":"","background-media":"","overlay-type":"","overlay-color":"","overlay-opacity":"","overlay-gradient":""},"tablet":{"background-color":"","background-image":"","background-repeat":"repeat","background-position":"center center","background-size":"auto","background-attachment":"scroll","background-type":"","background-media":"","overlay-type":"","overlay-color":"","overlay-opacity":"","overlay-gradient":""},"mobile":{"background-color":"","background-image":"","background-repeat":"repeat","background-position":"center center","background-size":"auto","background-attachment":"scroll","background-type":"","background-media":"","overlay-type":"","overlay-color":"","overlay-opacity":"","overlay-gradient":""}},"ast-content-background-meta":{"desktop":{"background-color":"var(--ast-global-color-5)","background-image":"","background-repeat":"repeat","background-position":"center center","background-size":"auto","background-attachment":"scroll","background-type":"","background-media":"","overlay-type":"","overlay-color":"","overlay-opacity":"","overlay-gradient":""},"tablet":{"background-color":"var(--ast-global-color-5)","background-image":"","background-repeat":"repeat","background-position":"center center","background-size":"auto","background-attachment":"scroll","background-type":"","background-media":"","overlay-type":"","overlay-color":"","overlay-opacity":"","overlay-gradient":""},"mobile":{"background-color":"var(--ast-global-color-5)","background-image":"","background-repeat":"repeat","background-position":"center center","background-size":"auto","background-attachment":"scroll","background-type":"","background-media":"","overlay-type":"","overlay-color":"","overlay-opacity":"","overlay-gradient":""}},"footnotes":""},"categories":[113,161],"tags":[101,103,102],"class_list":["post-6840","post","type-post","status-publish","format-standard","has-post-thumbnail","hentry","category-beaute-naturelle","category-microbiote-de-la-peau","tag-clean-beauty","tag-gammes","tag-produits"],"acf":[],"yoast_head":"<!-- This site is optimized with the Yoast SEO plugin v27.5 - https:\/\/yoast.com\/product\/yoast-seo-wordpress\/ -->\n<title>Soin pour la long\u00e9vit\u00e9 de la peau | Expertise Lucia Rapetti Pro<\/title>\n<meta name=\"description\" content=\"D\u00e9couvrez les soins pour la long\u00e9vit\u00e9 de la peau Lucia Rapetti : une approche professionnelle anti-\u00e2ge durable, pens\u00e9e pour les instituts.\" \/>\n<meta name=\"robots\" content=\"index, follow, max-snippet:-1, max-image-preview:large, max-video-preview:-1\" \/>\n<link rel=\"canonical\" href=\"https:\/\/lucia-rapetti.pro\/de\/blog\/clean-institute-care-lexigence-professional-in-the-service-of-responsible-beauty\/\" \/>\n<meta property=\"og:locale\" content=\"de_DE\" \/>\n<meta property=\"og:type\" content=\"article\" \/>\n<meta property=\"og:title\" content=\"Soin pour la long\u00e9vit\u00e9 de la peau | Expertise Lucia Rapetti Pro\" \/>\n<meta property=\"og:description\" content=\"D\u00e9couvrez les soins pour la long\u00e9vit\u00e9 de la peau Lucia Rapetti : une approche professionnelle anti-\u00e2ge durable, pens\u00e9e pour les instituts.\" \/>\n<meta property=\"og:url\" content=\"https:\/\/lucia-rapetti.pro\/de\/blog\/clean-institute-care-lexigence-professional-in-the-service-of-responsible-beauty\/\" \/>\n<meta property=\"og:site_name\" content=\"Lucia Rapetti Laboratoire Naturel\" \/>\n<meta property=\"article:publisher\" content=\"https:\/\/www.facebook.com\/luciarapettiofficial\" \/>\n<meta property=\"article:published_time\" content=\"2026-01-22T13:52:55+00:00\" \/>\n<meta property=\"article:modified_time\" content=\"2026-01-22T15:08:09+00:00\" \/>\n<meta property=\"og:image\" content=\"https:\/\/lucia-rapetti.pro\/wp-content\/uploads\/2024\/03\/LR-sito-header-solari-hp.jpg\" \/>\n\t<meta property=\"og:image:width\" content=\"1920\" \/>\n\t<meta property=\"og:image:height\" content=\"1080\" \/>\n\t<meta property=\"og:image:type\" content=\"image\/jpeg\" \/>\n<meta name=\"author\" content=\"Thierry FOUQUART\" \/>\n<meta name=\"twitter:card\" content=\"summary_large_image\" \/>\n<meta name=\"twitter:label1\" content=\"Verfasst von\" \/>\n\t<meta name=\"twitter:data1\" content=\"Thierry FOUQUART\" \/>\n\t<meta name=\"twitter:label2\" content=\"Gesch\u00e4tzte Lesezeit\" \/>\n\t<meta name=\"twitter:data2\" content=\"8\u00a0Minuten\" \/>\n<script type=\"application\/ld+json\" class=\"yoast-schema-graph\">{\"@context\":\"https:\\\/\\\/schema.org\",\"@graph\":[{\"@type\":\"Article\",\"@id\":\"https:\\\/\\\/lucia-rapetti.pro\\\/blog\\\/soin-pour-institut-clean-lexigence-professionnelle-au-service-dune-beaute-responsable\\\/#article\",\"isPartOf\":{\"@id\":\"https:\\\/\\\/lucia-rapetti.pro\\\/blog\\\/soin-pour-institut-clean-lexigence-professionnelle-au-service-dune-beaute-responsable\\\/\"},\"author\":{\"name\":\"Thierry FOUQUART\",\"@id\":\"https:\\\/\\\/lucia-rapetti.pro\\\/#\\\/schema\\\/person\\\/998552a7012c90388f667a7c785e867c\"},\"headline\":\"Soin pour la long\u00e9vit\u00e9 de la peau : une approche experte en institut\",\"datePublished\":\"2026-01-22T13:52:55+00:00\",\"dateModified\":\"2026-01-22T15:08:09+00:00\",\"mainEntityOfPage\":{\"@id\":\"https:\\\/\\\/lucia-rapetti.pro\\\/blog\\\/soin-pour-institut-clean-lexigence-professionnelle-au-service-dune-beaute-responsable\\\/\"},\"wordCount\":1690,\"publisher\":{\"@id\":\"https:\\\/\\\/lucia-rapetti.pro\\\/#organization\"},\"image\":{\"@id\":\"https:\\\/\\\/lucia-rapetti.pro\\\/blog\\\/soin-pour-institut-clean-lexigence-professionnelle-au-service-dune-beaute-responsable\\\/#primaryimage\"},\"thumbnailUrl\":\"https:\\\/\\\/lucia-rapetti.pro\\\/wp-content\\\/uploads\\\/2024\\\/03\\\/LR-sito-header-solari-hp.jpg\",\"keywords\":[\"Clean Beauty\",\"Gammes\",\"Produits\"],\"articleSection\":[\"Beaut\u00e9 Naturelle\",\"microbiote de la peau\"],\"inLanguage\":\"de\"},{\"@type\":\"WebPage\",\"@id\":\"https:\\\/\\\/lucia-rapetti.pro\\\/blog\\\/soin-pour-institut-clean-lexigence-professionnelle-au-service-dune-beaute-responsable\\\/\",\"url\":\"https:\\\/\\\/lucia-rapetti.pro\\\/blog\\\/soin-pour-institut-clean-lexigence-professionnelle-au-service-dune-beaute-responsable\\\/\",\"name\":\"Soin pour la long\u00e9vit\u00e9 de la peau | Expertise Lucia Rapetti Pro\",\"isPartOf\":{\"@id\":\"https:\\\/\\\/lucia-rapetti.pro\\\/#website\"},\"primaryImageOfPage\":{\"@id\":\"https:\\\/\\\/lucia-rapetti.pro\\\/blog\\\/soin-pour-institut-clean-lexigence-professionnelle-au-service-dune-beaute-responsable\\\/#primaryimage\"},\"image\":{\"@id\":\"https:\\\/\\\/lucia-rapetti.pro\\\/blog\\\/soin-pour-institut-clean-lexigence-professionnelle-au-service-dune-beaute-responsable\\\/#primaryimage\"},\"thumbnailUrl\":\"https:\\\/\\\/lucia-rapetti.pro\\\/wp-content\\\/uploads\\\/2024\\\/03\\\/LR-sito-header-solari-hp.jpg\",\"datePublished\":\"2026-01-22T13:52:55+00:00\",\"dateModified\":\"2026-01-22T15:08:09+00:00\",\"description\":\"D\u00e9couvrez les soins pour la long\u00e9vit\u00e9 de la peau Lucia Rapetti : une approche professionnelle anti-\u00e2ge durable, pens\u00e9e pour les instituts.\",\"breadcrumb\":{\"@id\":\"https:\\\/\\\/lucia-rapetti.pro\\\/blog\\\/soin-pour-institut-clean-lexigence-professionnelle-au-service-dune-beaute-responsable\\\/#breadcrumb\"},\"inLanguage\":\"de\",\"potentialAction\":[{\"@type\":\"ReadAction\",\"target\":[\"https:\\\/\\\/lucia-rapetti.pro\\\/blog\\\/soin-pour-institut-clean-lexigence-professionnelle-au-service-dune-beaute-responsable\\\/\"]}]},{\"@type\":\"ImageObject\",\"inLanguage\":\"de\",\"@id\":\"https:\\\/\\\/lucia-rapetti.pro\\\/blog\\\/soin-pour-institut-clean-lexigence-professionnelle-au-service-dune-beaute-responsable\\\/#primaryimage\",\"url\":\"https:\\\/\\\/lucia-rapetti.pro\\\/wp-content\\\/uploads\\\/2024\\\/03\\\/LR-sito-header-solari-hp.jpg\",\"contentUrl\":\"https:\\\/\\\/lucia-rapetti.pro\\\/wp-content\\\/uploads\\\/2024\\\/03\\\/LR-sito-header-solari-hp.jpg\",\"width\":1920,\"height\":1080,\"caption\":\"Soin pour institut clean : l\u2019exigence professionnelle au service d\u2019une beaut\u00e9 responsable\"},{\"@type\":\"BreadcrumbList\",\"@id\":\"https:\\\/\\\/lucia-rapetti.pro\\\/blog\\\/soin-pour-institut-clean-lexigence-professionnelle-au-service-dune-beaute-responsable\\\/#breadcrumb\",\"itemListElement\":[{\"@type\":\"ListItem\",\"position\":1,\"name\":\"Accueil\",\"item\":\"https:\\\/\\\/lucia-rapetti.pro\\\/\"},{\"@type\":\"ListItem\",\"position\":2,\"name\":\"Soin pour la long\u00e9vit\u00e9 de la peau : une approche experte en institut\"}]},{\"@type\":\"WebSite\",\"@id\":\"https:\\\/\\\/lucia-rapetti.pro\\\/#website\",\"url\":\"https:\\\/\\\/lucia-rapetti.pro\\\/\",\"name\":\"Lucia Rapetti Laboratoire Naturel pour professionnel\",\"description\":\"Laboratoire de cosm\u00e9tique naturel et beaut\u00e9 pour institut et professionnel\",\"publisher\":{\"@id\":\"https:\\\/\\\/lucia-rapetti.pro\\\/#organization\"},\"alternateName\":\"Lucia Rapetti Pro\",\"potentialAction\":[{\"@type\":\"SearchAction\",\"target\":{\"@type\":\"EntryPoint\",\"urlTemplate\":\"https:\\\/\\\/lucia-rapetti.pro\\\/?s={search_term_string}\"},\"query-input\":{\"@type\":\"PropertyValueSpecification\",\"valueRequired\":true,\"valueName\":\"search_term_string\"}}],\"inLanguage\":\"de\"},{\"@type\":\"Organization\",\"@id\":\"https:\\\/\\\/lucia-rapetti.pro\\\/#organization\",\"name\":\"Lucia Rapetti Laboratoire Naturel\",\"alternateName\":\"LR Pro\",\"url\":\"https:\\\/\\\/lucia-rapetti.pro\\\/\",\"logo\":{\"@type\":\"ImageObject\",\"inLanguage\":\"de\",\"@id\":\"https:\\\/\\\/lucia-rapetti.pro\\\/#\\\/schema\\\/logo\\\/image\\\/\",\"url\":\"https:\\\/\\\/lucia-rapetti.pro\\\/wp-content\\\/uploads\\\/2023\\\/04\\\/cropped-lucia-rapetti-logo-1.png\",\"contentUrl\":\"https:\\\/\\\/lucia-rapetti.pro\\\/wp-content\\\/uploads\\\/2023\\\/04\\\/cropped-lucia-rapetti-logo-1.png\",\"width\":850,\"height\":142,\"caption\":\"Lucia Rapetti Laboratoire Naturel\"},\"image\":{\"@id\":\"https:\\\/\\\/lucia-rapetti.pro\\\/#\\\/schema\\\/logo\\\/image\\\/\"},\"sameAs\":[\"https:\\\/\\\/www.facebook.com\\\/luciarapettiofficial\",\"https:\\\/\\\/www.instagram.com\\\/luciarapettiofficial\\\/\"]},{\"@type\":\"Person\",\"@id\":\"https:\\\/\\\/lucia-rapetti.pro\\\/#\\\/schema\\\/person\\\/998552a7012c90388f667a7c785e867c\",\"name\":\"Thierry FOUQUART\",\"image\":{\"@type\":\"ImageObject\",\"inLanguage\":\"de\",\"@id\":\"https:\\\/\\\/secure.gravatar.com\\\/avatar\\\/27c210af2472b79045a22c67a02dc2e84d697a703065450f2ac9a83e96d5036c?s=96&d=mm&r=g\",\"url\":\"https:\\\/\\\/secure.gravatar.com\\\/avatar\\\/27c210af2472b79045a22c67a02dc2e84d697a703065450f2ac9a83e96d5036c?s=96&d=mm&r=g\",\"contentUrl\":\"https:\\\/\\\/secure.gravatar.com\\\/avatar\\\/27c210af2472b79045a22c67a02dc2e84d697a703065450f2ac9a83e96d5036c?s=96&d=mm&r=g\",\"caption\":\"Thierry FOUQUART\"},\"description\":\"Description du profil\",\"sameAs\":[\"https:\\\/\\\/client.comanddesign.com\"],\"url\":\"https:\\\/\\\/lucia-rapetti.pro\\\/de\\\/blog\\\/author\\\/comanddesign\\\/\"}]}<\/script>\n<!-- \/ Yoast SEO plugin. -->","yoast_head_json":{"title":"Pflege f\u00fcr die Langlebigkeit der Haut | Expertise Lucia Rapetti Pro","description":"Entdecken Sie die Lucia Rapetti Behandlungen f\u00fcr ein langes Leben der Haut: ein professioneller, nachhaltiger Anti-Aging-Ansatz, der speziell f\u00fcr Institute entwickelt wurde.","robots":{"index":"index","follow":"follow","max-snippet":"max-snippet:-1","max-image-preview":"max-image-preview:large","max-video-preview":"max-video-preview:-1"},"canonical":"https:\/\/lucia-rapetti.pro\/de\/blog\/clean-institute-care-lexigence-professional-in-the-service-of-responsible-beauty\/","og_locale":"de_DE","og_type":"article","og_title":"Soin pour la long\u00e9vit\u00e9 de la peau | Expertise Lucia Rapetti Pro","og_description":"D\u00e9couvrez les soins pour la long\u00e9vit\u00e9 de la peau Lucia Rapetti : une approche professionnelle anti-\u00e2ge durable, pens\u00e9e pour les instituts.","og_url":"https:\/\/lucia-rapetti.pro\/de\/blog\/clean-institute-care-lexigence-professional-in-the-service-of-responsible-beauty\/","og_site_name":"Lucia Rapetti Laboratoire Naturel","article_publisher":"https:\/\/www.facebook.com\/luciarapettiofficial","article_published_time":"2026-01-22T13:52:55+00:00","article_modified_time":"2026-01-22T15:08:09+00:00","og_image":[{"width":1920,"height":1080,"url":"https:\/\/lucia-rapetti.pro\/wp-content\/uploads\/2024\/03\/LR-sito-header-solari-hp.jpg","type":"image\/jpeg"}],"author":"Thierry FOUQUART","twitter_card":"summary_large_image","twitter_misc":{"Verfasst von":"Thierry FOUQUART","Gesch\u00e4tzte Lesezeit":"8\u00a0Minuten"},"schema":{"@context":"https:\/\/schema.org","@graph":[{"@type":"Article","@id":"https:\/\/lucia-rapetti.pro\/blog\/soin-pour-institut-clean-lexigence-professionnelle-au-service-dune-beaute-responsable\/#article","isPartOf":{"@id":"https:\/\/lucia-rapetti.pro\/blog\/soin-pour-institut-clean-lexigence-professionnelle-au-service-dune-beaute-responsable\/"},"author":{"name":"Thierry FOUQUART","@id":"https:\/\/lucia-rapetti.pro\/#\/schema\/person\/998552a7012c90388f667a7c785e867c"},"headline":"Soin pour la long\u00e9vit\u00e9 de la peau : une approche experte en institut","datePublished":"2026-01-22T13:52:55+00:00","dateModified":"2026-01-22T15:08:09+00:00","mainEntityOfPage":{"@id":"https:\/\/lucia-rapetti.pro\/blog\/soin-pour-institut-clean-lexigence-professionnelle-au-service-dune-beaute-responsable\/"},"wordCount":1690,"publisher":{"@id":"https:\/\/lucia-rapetti.pro\/#organization"},"image":{"@id":"https:\/\/lucia-rapetti.pro\/blog\/soin-pour-institut-clean-lexigence-professionnelle-au-service-dune-beaute-responsable\/#primaryimage"},"thumbnailUrl":"https:\/\/lucia-rapetti.pro\/wp-content\/uploads\/2024\/03\/LR-sito-header-solari-hp.jpg","keywords":["Clean Beauty","Gammes","Produits"],"articleSection":["Beaut\u00e9 Naturelle","microbiote de la peau"],"inLanguage":"de"},{"@type":"WebPage","@id":"https:\/\/lucia-rapetti.pro\/blog\/soin-pour-institut-clean-lexigence-professionnelle-au-service-dune-beaute-responsable\/","url":"https:\/\/lucia-rapetti.pro\/blog\/soin-pour-institut-clean-lexigence-professionnelle-au-service-dune-beaute-responsable\/","name":"Pflege f\u00fcr die Langlebigkeit der Haut | Expertise Lucia Rapetti Pro","isPartOf":{"@id":"https:\/\/lucia-rapetti.pro\/#website"},"primaryImageOfPage":{"@id":"https:\/\/lucia-rapetti.pro\/blog\/soin-pour-institut-clean-lexigence-professionnelle-au-service-dune-beaute-responsable\/#primaryimage"},"image":{"@id":"https:\/\/lucia-rapetti.pro\/blog\/soin-pour-institut-clean-lexigence-professionnelle-au-service-dune-beaute-responsable\/#primaryimage"},"thumbnailUrl":"https:\/\/lucia-rapetti.pro\/wp-content\/uploads\/2024\/03\/LR-sito-header-solari-hp.jpg","datePublished":"2026-01-22T13:52:55+00:00","dateModified":"2026-01-22T15:08:09+00:00","description":"Entdecken Sie die Lucia Rapetti Behandlungen f\u00fcr ein langes Leben der Haut: ein professioneller, nachhaltiger Anti-Aging-Ansatz, der speziell f\u00fcr Institute entwickelt wurde.","breadcrumb":{"@id":"https:\/\/lucia-rapetti.pro\/blog\/soin-pour-institut-clean-lexigence-professionnelle-au-service-dune-beaute-responsable\/#breadcrumb"},"inLanguage":"de","potentialAction":[{"@type":"ReadAction","target":["https:\/\/lucia-rapetti.pro\/blog\/soin-pour-institut-clean-lexigence-professionnelle-au-service-dune-beaute-responsable\/"]}]},{"@type":"ImageObject","inLanguage":"de","@id":"https:\/\/lucia-rapetti.pro\/blog\/soin-pour-institut-clean-lexigence-professionnelle-au-service-dune-beaute-responsable\/#primaryimage","url":"https:\/\/lucia-rapetti.pro\/wp-content\/uploads\/2024\/03\/LR-sito-header-solari-hp.jpg","contentUrl":"https:\/\/lucia-rapetti.pro\/wp-content\/uploads\/2024\/03\/LR-sito-header-solari-hp.jpg","width":1920,"height":1080,"caption":"Soin pour institut clean : l\u2019exigence professionnelle au service d\u2019une beaut\u00e9 responsable"},{"@type":"BreadcrumbList","@id":"https:\/\/lucia-rapetti.pro\/blog\/soin-pour-institut-clean-lexigence-professionnelle-au-service-dune-beaute-responsable\/#breadcrumb","itemListElement":[{"@type":"ListItem","position":1,"name":"Accueil","item":"https:\/\/lucia-rapetti.pro\/"},{"@type":"ListItem","position":2,"name":"Soin pour la long\u00e9vit\u00e9 de la peau : une approche experte en institut"}]},{"@type":"WebSite","@id":"https:\/\/lucia-rapetti.pro\/#website","url":"https:\/\/lucia-rapetti.pro\/","name":"Lucia Rapetti Natural Laboratory for Professionals","description":"Labor f\u00fcr Natur- und Sch\u00f6nheitskosmetik f\u00fcr Institute und Profis","publisher":{"@id":"https:\/\/lucia-rapetti.pro\/#organization"},"alternateName":"Lucia Rapetti Pro","potentialAction":[{"@type":"SearchAction","target":{"@type":"EntryPoint","urlTemplate":"https:\/\/lucia-rapetti.pro\/?s={search_term_string}"},"query-input":{"@type":"PropertyValueSpecification","valueRequired":true,"valueName":"search_term_string"}}],"inLanguage":"de"},{"@type":"Organization","@id":"https:\/\/lucia-rapetti.pro\/#organization","name":"Lucia Rapetti Natural Laboratory","alternateName":"LR Pro","url":"https:\/\/lucia-rapetti.pro\/","logo":{"@type":"ImageObject","inLanguage":"de","@id":"https:\/\/lucia-rapetti.pro\/#\/schema\/logo\/image\/","url":"https:\/\/lucia-rapetti.pro\/wp-content\/uploads\/2023\/04\/cropped-lucia-rapetti-logo-1.png","contentUrl":"https:\/\/lucia-rapetti.pro\/wp-content\/uploads\/2023\/04\/cropped-lucia-rapetti-logo-1.png","width":850,"height":142,"caption":"Lucia Rapetti Laboratoire Naturel"},"image":{"@id":"https:\/\/lucia-rapetti.pro\/#\/schema\/logo\/image\/"},"sameAs":["https:\/\/www.facebook.com\/luciarapettiofficial","https:\/\/www.instagram.com\/luciarapettiofficial\/"]},{"@type":"Person","@id":"https:\/\/lucia-rapetti.pro\/#\/schema\/person\/998552a7012c90388f667a7c785e867c","name":"Thierry FOUQUART","image":{"@type":"ImageObject","inLanguage":"de","@id":"https:\/\/secure.gravatar.com\/avatar\/27c210af2472b79045a22c67a02dc2e84d697a703065450f2ac9a83e96d5036c?s=96&d=mm&r=g","url":"https:\/\/secure.gravatar.com\/avatar\/27c210af2472b79045a22c67a02dc2e84d697a703065450f2ac9a83e96d5036c?s=96&d=mm&r=g","contentUrl":"https:\/\/secure.gravatar.com\/avatar\/27c210af2472b79045a22c67a02dc2e84d697a703065450f2ac9a83e96d5036c?s=96&d=mm&r=g","caption":"Thierry FOUQUART"},"description":"Beschreibung des Profils","sameAs":["https:\/\/client.comanddesign.com"],"url":"https:\/\/lucia-rapetti.pro\/de\/blog\/author\/comanddesign\/"}]}},"_links":{"self":[{"href":"https:\/\/lucia-rapetti.pro\/de\/wp-json\/wp\/v2\/posts\/6840","targetHints":{"allow":["GET"]}}],"collection":[{"href":"https:\/\/lucia-rapetti.pro\/de\/wp-json\/wp\/v2\/posts"}],"about":[{"href":"https:\/\/lucia-rapetti.pro\/de\/wp-json\/wp\/v2\/types\/post"}],"author":[{"embeddable":true,"href":"https:\/\/lucia-rapetti.pro\/de\/wp-json\/wp\/v2\/users\/1"}],"replies":[{"embeddable":true,"href":"https:\/\/lucia-rapetti.pro\/de\/wp-json\/wp\/v2\/comments?post=6840"}],"version-history":[{"count":20,"href":"https:\/\/lucia-rapetti.pro\/de\/wp-json\/wp\/v2\/posts\/6840\/revisions"}],"predecessor-version":[{"id":6861,"href":"https:\/\/lucia-rapetti.pro\/de\/wp-json\/wp\/v2\/posts\/6840\/revisions\/6861"}],"wp:featuredmedia":[{"embeddable":true,"href":"https:\/\/lucia-rapetti.pro\/de\/wp-json\/wp\/v2\/media\/4440"}],"wp:attachment":[{"href":"https:\/\/lucia-rapetti.pro\/de\/wp-json\/wp\/v2\/media?parent=6840"}],"wp:term":[{"taxonomy":"category","embeddable":true,"href":"https:\/\/lucia-rapetti.pro\/de\/wp-json\/wp\/v2\/categories?post=6840"},{"taxonomy":"post_tag","embeddable":true,"href":"https:\/\/lucia-rapetti.pro\/de\/wp-json\/wp\/v2\/tags?post=6840"}],"curies":[{"name":"wp","href":"https:\/\/api.w.org\/{rel}","templated":true}]}}